{"id":8005,"date":"2025-09-21T19:26:40","date_gmt":"2025-09-21T19:26:40","guid":{"rendered":"https:\/\/barissanli.com\/eak\/?p=8005"},"modified":"2025-09-21T19:28:30","modified_gmt":"2025-09-21T19:28:30","slug":"yeni%f0%9f%8d%80-5enerji-grafiginde-21-eylul-2025","status":"publish","type":"post","link":"https:\/\/barissanli.com\/eak\/2025\/09\/yeni%f0%9f%8d%80-5enerji-grafiginde-21-eylul-2025\/","title":{"rendered":"(Yeni\ud83c\udf40)\u00a0#5Enerji\u00a0Grafi\u011finde 21 Eyl\u00fcl 2025"},"content":{"rendered":"\n<p>1.&nbsp;IEA\u2019in yeni k\u00f6m\u00fcr projeksiyonu<\/p>\n\n\n\n<p>2. Lityum karbonat arz e\u011frisi<\/p>\n\n\n\n<p>3. \u00c7in\u2019de elektrikli araba sat\u0131\u015flar\u0131<\/p>\n\n\n\n<p>4. Almanyada ayl\u0131k g\u00fcne\u015f art\u0131\u015f\u0131<\/p>\n\n\n\n<p>5. Rus rafinerilerine sald\u0131r\u0131lar ve etkileri<\/p>\n\n\n\n<p>1.IEA\u2019in Yay\u0131nlanacak Raporundaki K\u00f6m\u00fcr Senaryosu (En \u00fcstte)&nbsp;<\/p>\n\n\n\n<p><a href=\"https:\/\/twitter.com\/JavierBlas\/status\/1969686701728538960\/photo\/1\">https:\/\/twitter.com\/JavierBlas\/status\/1969686701728538960\/photo\/1<\/a><\/p>\n\n\n\n<figure class=\"wp-block-image size-full\"><img loading=\"lazy\" decoding=\"async\" width=\"820\" height=\"562\" src=\"https:\/\/barissanli.com\/eak\/wp-content\/uploads\/2025\/09\/image-9.png\" alt=\"\" class=\"wp-image-8006\" srcset=\"https:\/\/barissanli.com\/eak\/wp-content\/uploads\/2025\/09\/image-9.png 820w, https:\/\/barissanli.com\/eak\/wp-content\/uploads\/2025\/09\/image-9-300x206.png 300w, https:\/\/barissanli.com\/eak\/wp-content\/uploads\/2025\/09\/image-9-768x526.png 768w\" sizes=\"(max-width: 820px) 100vw, 820px\" \/><\/figure>\n\n\n\n<p>2. Lityum Karbonat arz e\u011frisi&nbsp;<\/p>\n\n\n\n<p><a href=\"https:\/\/twitter.com\/minenergybiz\/status\/1968578052608200757\/photo\/1\">https:\/\/twitter.com\/minenergybiz\/status\/1968578052608200757\/photo\/1<\/a><\/p>\n\n\n\n<figure class=\"wp-block-image size-large\"><img loading=\"lazy\" decoding=\"async\" width=\"1024\" height=\"835\" src=\"https:\/\/barissanli.com\/eak\/wp-content\/uploads\/2025\/09\/image-7-1024x835.jpeg\" alt=\"\" class=\"wp-image-8009\" srcset=\"https:\/\/barissanli.com\/eak\/wp-content\/uploads\/2025\/09\/image-7-1024x835.jpeg 1024w, https:\/\/barissanli.com\/eak\/wp-content\/uploads\/2025\/09\/image-7-300x245.jpeg 300w, https:\/\/barissanli.com\/eak\/wp-content\/uploads\/2025\/09\/image-7-768x626.jpeg 768w, https:\/\/barissanli.com\/eak\/wp-content\/uploads\/2025\/09\/image-7.jpeg 1380w\" sizes=\"(max-width: 1024px) 100vw, 1024px\" \/><\/figure>\n\n\n\n<p>3.\u00c7in araba istatistikleri hep kafam\u0131 kar\u0131\u015ft\u0131r\u0131yor. Onlar\u0131n bir New Energy Vehicles s\u0131n\u0131fland\u0131rmas\u0131 var. Burada pilli arabalar di\u011ferlerinden ayr\u0131lm\u0131\u015f<\/p>\n\n\n\n<p><a href=\"https:\/\/twitter.com\/CleanPowerDave\/status\/1968700058280374576\/photo\/1\">https:\/\/twitter.com\/CleanPowerDave\/status\/1968700058280374576\/photo\/1<\/a><\/p>\n\n\n\n<figure class=\"wp-block-image size-large\"><img loading=\"lazy\" decoding=\"async\" width=\"1024\" height=\"597\" src=\"https:\/\/barissanli.com\/eak\/wp-content\/uploads\/2025\/09\/image-5-1024x597.jpeg\" alt=\"\" class=\"wp-image-8007\" srcset=\"https:\/\/barissanli.com\/eak\/wp-content\/uploads\/2025\/09\/image-5-1024x597.jpeg 1024w, https:\/\/barissanli.com\/eak\/wp-content\/uploads\/2025\/09\/image-5-300x175.jpeg 300w, https:\/\/barissanli.com\/eak\/wp-content\/uploads\/2025\/09\/image-5-768x448.jpeg 768w, https:\/\/barissanli.com\/eak\/wp-content\/uploads\/2025\/09\/image-5.jpeg 1378w\" sizes=\"(max-width: 1024px) 100vw, 1024px\" \/><\/figure>\n\n\n\n<p>4. Almanya ayl\u0131k yeni g\u00fcne\u015f kapasitesi<\/p>\n\n\n\n<figure class=\"wp-block-embed is-type-rich is-provider-twitter wp-block-embed-twitter\"><div class=\"wp-block-embed__wrapper\">\n<blockquote class=\"twitter-tweet\" data-width=\"550\" data-dnt=\"true\"><p lang=\"en\" dir=\"ltr\">In August 2025, Germany installed 1.95 GW of solar power, the second highest amount ever \u2600\ufe0f\ud83c\udde9\ud83c\uddea<br><br>Only Dec 2024 (1.98 GW) was higher.<br><br>This also brought Germany&#39;s installation rate back above the target of 1.62 GW a month needed to achieve its own 2030 solar installation goal. <a href=\"https:\/\/t.co\/bV7cXCN10f\">pic.twitter.com\/bV7cXCN10f<\/a><\/p>&mdash; Nicolas Fulghum (@nicolasfulghum) <a href=\"https:\/\/twitter.com\/nicolasfulghum\/status\/1968340631459344520?ref_src=twsrc%5Etfw\">September 17, 2025<\/a><\/blockquote><script async src=\"https:\/\/platform.twitter.com\/widgets.js\" charset=\"utf-8\"><\/script>\n<\/div><\/figure>\n\n\n\n<figure class=\"wp-block-image size-large\"><img loading=\"lazy\" decoding=\"async\" width=\"1024\" height=\"646\" src=\"https:\/\/barissanli.com\/eak\/wp-content\/uploads\/2025\/09\/image-6-1024x646.jpeg\" alt=\"\" class=\"wp-image-8008\" srcset=\"https:\/\/barissanli.com\/eak\/wp-content\/uploads\/2025\/09\/image-6-1024x646.jpeg 1024w, https:\/\/barissanli.com\/eak\/wp-content\/uploads\/2025\/09\/image-6-300x189.jpeg 300w, https:\/\/barissanli.com\/eak\/wp-content\/uploads\/2025\/09\/image-6-768x485.jpeg 768w, https:\/\/barissanli.com\/eak\/wp-content\/uploads\/2025\/09\/image-6.jpeg 1136w\" sizes=\"(max-width: 1024px) 100vw, 1024px\" \/><\/figure>\n\n\n\n<p>5.Rus rafinerilerine sald\u0131r\u0131lar ve etkileri<\/p>\n\n\n\n<figure class=\"wp-block-embed is-type-rich is-provider-twitter wp-block-embed-twitter\"><div class=\"wp-block-embed__wrapper\">\n<blockquote class=\"twitter-tweet\" data-width=\"550\" data-dnt=\"true\"><p lang=\"en\" dir=\"ltr\">How it started vs how it is going. <a href=\"https:\/\/t.co\/o20pT8Upiu\">pic.twitter.com\/o20pT8Upiu<\/a><\/p>&mdash; Kim BENNI (@BenniKim) <a href=\"https:\/\/twitter.com\/BenniKim\/status\/1969477547617329474?ref_src=twsrc%5Etfw\">September 20, 2025<\/a><\/blockquote><script async src=\"https:\/\/platform.twitter.com\/widgets.js\" charset=\"utf-8\"><\/script>\n<\/div><\/figure>\n\n\n\n<figure class=\"wp-block-image size-large\"><img loading=\"lazy\" decoding=\"async\" width=\"986\" height=\"1024\" src=\"https:\/\/barissanli.com\/eak\/wp-content\/uploads\/2025\/09\/image-8-986x1024.jpeg\" alt=\"\" class=\"wp-image-8010\" srcset=\"https:\/\/barissanli.com\/eak\/wp-content\/uploads\/2025\/09\/image-8-986x1024.jpeg 986w, https:\/\/barissanli.com\/eak\/wp-content\/uploads\/2025\/09\/image-8-289x300.jpeg 289w, https:\/\/barissanli.com\/eak\/wp-content\/uploads\/2025\/09\/image-8-768x798.jpeg 768w, https:\/\/barissanli.com\/eak\/wp-content\/uploads\/2025\/09\/image-8.jpeg 1186w\" sizes=\"(max-width: 986px) 100vw, 986px\" \/><\/figure>\n","protected":false},"excerpt":{"rendered":"<p>1.&nbsp;IEA\u2019in yeni k\u00f6m\u00fcr projeksiyonu 2. Lityum karbonat arz e\u011frisi 3. \u00c7in\u2019de elektrikli araba sat\u0131\u015flar\u0131 4. Almanyada ayl\u0131k g\u00fcne\u015f art\u0131\u015f\u0131 5. Rus rafinerilerine sald\u0131r\u0131lar ve etkileri 1.IEA\u2019in Yay\u0131nlanacak Raporundaki K\u00f6m\u00fcr Senaryosu (En \u00fcstte)&nbsp; https:\/\/twitter.com\/JavierBlas\/status\/1969686701728538960\/photo\/1 2. Lityum Karbonat arz e\u011frisi&nbsp; https:\/\/twitter.com\/minenergybiz\/status\/1968578052608200757\/photo\/1 3.\u00c7in araba istatistikleri hep kafam\u0131 kar\u0131\u015ft\u0131r\u0131yor. Onlar\u0131n bir New Energy Vehicles s\u0131n\u0131fland\u0131rmas\u0131 var. Burada pilli arabalar &hellip; <a href=\"https:\/\/barissanli.com\/eak\/2025\/09\/yeni%f0%9f%8d%80-5enerji-grafiginde-21-eylul-2025\/\" class=\"more-link\">Continue reading <span class=\"screen-reader-text\">(Yeni\ud83c\udf40)\u00a0#5Enerji\u00a0Grafi\u011finde 21 Eyl\u00fcl 2025<\/span><\/a><\/p>\n","protected":false},"author":1,"featured_media":0,"comment_status":"closed","ping_status":"closed","sticky":false,"template":"","format":"standard","meta":{"footnotes":""},"categories":[1],"tags":[],"_links":{"self":[{"href":"https:\/\/barissanli.com\/eak\/wp-json\/wp\/v2\/posts\/8005"}],"collection":[{"href":"https:\/\/barissanli.com\/eak\/wp-json\/wp\/v2\/posts"}],"about":[{"href":"https:\/\/barissanli.com\/eak\/wp-json\/wp\/v2\/types\/post"}],"author":[{"embeddable":true,"href":"https:\/\/barissanli.com\/eak\/wp-json\/wp\/v2\/users\/1"}],"replies":[{"embeddable":true,"href":"https:\/\/barissanli.com\/eak\/wp-json\/wp\/v2\/comments?post=8005"}],"version-history":[{"count":2,"href":"https:\/\/barissanli.com\/eak\/wp-json\/wp\/v2\/posts\/8005\/revisions"}],"predecessor-version":[{"id":8012,"href":"https:\/\/barissanli.com\/eak\/wp-json\/wp\/v2\/posts\/8005\/revisions\/8012"}],"wp:attachment":[{"href":"https:\/\/barissanli.com\/eak\/wp-json\/wp\/v2\/media?parent=8005"}],"wp:term":[{"taxonomy":"category","embeddable":true,"href":"https:\/\/barissanli.com\/eak\/wp-json\/wp\/v2\/categories?post=8005"},{"taxonomy":"post_tag","embeddable":true,"href":"https:\/\/barissanli.com\/eak\/wp-json\/wp\/v2\/tags?post=8005"}],"curies":[{"name":"wp","href":"https:\/\/api.w.org\/{rel}","templated":true}]}}