{"id":7986,"date":"2025-09-14T19:26:23","date_gmt":"2025-09-14T19:26:23","guid":{"rendered":"https:\/\/barissanli.com\/eak\/?p=7986"},"modified":"2025-09-14T19:26:23","modified_gmt":"2025-09-14T19:26:23","slug":"5enerji-grafiginde-14-eylul-2025","status":"publish","type":"post","link":"https:\/\/barissanli.com\/eak\/2025\/09\/5enerji-grafiginde-14-eylul-2025\/","title":{"rendered":"#5Enerji\u00a0Grafi\u011finde 14 Eyl\u00fcl 2025"},"content":{"rendered":"\n<p>(Yeni\ud83c\udf40)&nbsp;<strong>#5Enerji<\/strong>&nbsp;Grafi\u011finde 14 Eyl\u00fcl 2025<\/p>\n\n\n\n<p>1.&nbsp;LNG \u00dcretim Maliyetleri<\/p>\n\n\n\n<p>2. 2025 y\u0131l\u0131 k\u00fcresel petrol talep art\u0131\u015f\u0131 tahminleri<\/p>\n\n\n\n<p>3. \u00c7in\u2019in boru hatt\u0131 ve LNG tahmini al\u0131m fiyatlar\u0131<\/p>\n\n\n\n<p>4. \u00c7in petrol talep art\u0131\u015f\u0131<\/p>\n\n\n\n<p>5. Alman gaz talebi kafa kar\u0131\u015ft\u0131r\u0131c\u0131<\/p>\n\n\n\n<p>1.LNG \u00dcretim Maliyetleri&nbsp;<\/p>\n\n\n\n<p><a href=\"https:\/\/twitter.com\/ed_fin\/status\/1965727473905360927\/photo\/1\">https:\/\/twitter.com\/ed_fin\/status\/1965727473905360927\/photo\/1<\/a><\/p>\n\n\n\n<figure class=\"wp-block-image size-large\"><img loading=\"lazy\" decoding=\"async\" width=\"1024\" height=\"849\" src=\"https:\/\/barissanli.com\/eak\/wp-content\/uploads\/2025\/09\/image-4-1024x849.jpeg\" alt=\"\" class=\"wp-image-7988\" srcset=\"https:\/\/barissanli.com\/eak\/wp-content\/uploads\/2025\/09\/image-4-1024x849.jpeg 1024w, https:\/\/barissanli.com\/eak\/wp-content\/uploads\/2025\/09\/image-4-300x249.jpeg 300w, https:\/\/barissanli.com\/eak\/wp-content\/uploads\/2025\/09\/image-4-768x637.jpeg 768w, https:\/\/barissanli.com\/eak\/wp-content\/uploads\/2025\/09\/image-4-1536x1274.jpeg 1536w, https:\/\/barissanli.com\/eak\/wp-content\/uploads\/2025\/09\/image-4.jpeg 2048w\" sizes=\"(max-width: 1024px) 100vw, 1024px\" \/><\/figure>\n\n\n\n<p>2. 2025 y\u0131l\u0131 K\u00fcresel petrol talep art\u0131\u015f\u0131 tahmininin farkl\u0131 kurumlar\u0131n ayl\u0131k raporlar\u0131nda, rapor tarihlerine g\u00f6re de\u011fi\u015fimi<\/p>\n\n\n\n<p><a href=\"https:\/\/www.ief.org\/news\/comparative-analysis-of-monthly-reports-on-the-oil-market-67\">https:\/\/www.ief.org\/news\/comparative-analysis-of-monthly-reports-on-the-oil-market-67<\/a><\/p>\n\n\n\n<figure class=\"wp-block-image size-full\"><img loading=\"lazy\" decoding=\"async\" width=\"663\" height=\"933\" src=\"https:\/\/barissanli.com\/eak\/wp-content\/uploads\/2025\/09\/image-6.png\" alt=\"\" class=\"wp-image-7989\" srcset=\"https:\/\/barissanli.com\/eak\/wp-content\/uploads\/2025\/09\/image-6.png 663w, https:\/\/barissanli.com\/eak\/wp-content\/uploads\/2025\/09\/image-6-213x300.png 213w\" sizes=\"(max-width: 663px) 100vw, 663px\" \/><\/figure>\n\n\n\n<p>3.\u00c7in\u2019in boru hatt\u0131 ve LNG tahmini al\u0131m fiyatlar\u0131<\/p>\n\n\n\n<p><a href=\"https:\/\/twitter.com\/barissanli\/status\/1963860220465094846\/photo\/1\">https:\/\/twitter.com\/barissanli\/status\/1963860220465094846\/photo\/1<\/a><\/p>\n\n\n\n<figure class=\"wp-block-image size-large\"><img loading=\"lazy\" decoding=\"async\" width=\"1024\" height=\"476\" src=\"https:\/\/barissanli.com\/eak\/wp-content\/uploads\/2025\/09\/image-8-1024x476.png\" alt=\"\" class=\"wp-image-7991\" srcset=\"https:\/\/barissanli.com\/eak\/wp-content\/uploads\/2025\/09\/image-8-1024x476.png 1024w, https:\/\/barissanli.com\/eak\/wp-content\/uploads\/2025\/09\/image-8-300x140.png 300w, https:\/\/barissanli.com\/eak\/wp-content\/uploads\/2025\/09\/image-8-768x357.png 768w, https:\/\/barissanli.com\/eak\/wp-content\/uploads\/2025\/09\/image-8-1536x714.png 1536w, https:\/\/barissanli.com\/eak\/wp-content\/uploads\/2025\/09\/image-8.png 1787w\" sizes=\"(max-width: 1024px) 100vw, 1024px\" \/><\/figure>\n\n\n\n<p>4. \u00c7in petrol talep art\u0131\u015f\u0131 \u2013 farkl\u0131 Kurumlara g\u00f6re<\/p>\n\n\n\n<p><a href=\"https:\/\/twitter.com\/Rory_Johnston\/status\/1966558209721680331\/photo\/1\">https:\/\/twitter.com\/Rory_Johnston\/status\/1966558209721680331\/photo\/1<\/a><\/p>\n\n\n\n<figure class=\"wp-block-image size-large\"><img loading=\"lazy\" decoding=\"async\" width=\"1024\" height=\"455\" src=\"https:\/\/barissanli.com\/eak\/wp-content\/uploads\/2025\/09\/image-7-1024x455.png\" alt=\"\" class=\"wp-image-7990\" srcset=\"https:\/\/barissanli.com\/eak\/wp-content\/uploads\/2025\/09\/image-7-1024x455.png 1024w, https:\/\/barissanli.com\/eak\/wp-content\/uploads\/2025\/09\/image-7-300x133.png 300w, https:\/\/barissanli.com\/eak\/wp-content\/uploads\/2025\/09\/image-7-768x341.png 768w, https:\/\/barissanli.com\/eak\/wp-content\/uploads\/2025\/09\/image-7.png 1379w\" sizes=\"(max-width: 1024px) 100vw, 1024px\" \/><\/figure>\n\n\n\n<p>5.Alman gaz talebi kafa kar\u0131\u015ft\u0131r\u0131c\u0131, yani yenilenebilir art\u0131yor ama daha da negatife d\u00fc\u015fm\u00fcyor gibi<\/p>\n\n\n\n<p><a href=\"https:\/\/twitter.com\/ira_joseph\/status\/1966638487194456573\/photo\/1\">https:\/\/twitter.com\/ira_joseph\/status\/1966638487194456573\/photo\/1<\/a><\/p>\n\n\n\n<figure class=\"wp-block-image size-large\"><img loading=\"lazy\" decoding=\"async\" width=\"1024\" height=\"576\" src=\"https:\/\/barissanli.com\/eak\/wp-content\/uploads\/2025\/09\/image-3-1024x576.jpeg\" alt=\"\" class=\"wp-image-7987\" srcset=\"https:\/\/barissanli.com\/eak\/wp-content\/uploads\/2025\/09\/image-3-1024x576.jpeg 1024w, https:\/\/barissanli.com\/eak\/wp-content\/uploads\/2025\/09\/image-3-300x169.jpeg 300w, https:\/\/barissanli.com\/eak\/wp-content\/uploads\/2025\/09\/image-3-768x432.jpeg 768w, https:\/\/barissanli.com\/eak\/wp-content\/uploads\/2025\/09\/image-3-1536x864.jpeg 1536w, https:\/\/barissanli.com\/eak\/wp-content\/uploads\/2025\/09\/image-3.jpeg 1600w\" sizes=\"(max-width: 1024px) 100vw, 1024px\" \/><\/figure>\n","protected":false},"excerpt":{"rendered":"<p>(Yeni\ud83c\udf40)&nbsp;#5Enerji&nbsp;Grafi\u011finde 14 Eyl\u00fcl 2025 1.&nbsp;LNG \u00dcretim Maliyetleri 2. 2025 y\u0131l\u0131 k\u00fcresel petrol talep art\u0131\u015f\u0131 tahminleri 3. \u00c7in\u2019in boru hatt\u0131 ve LNG tahmini al\u0131m fiyatlar\u0131 4. \u00c7in petrol talep art\u0131\u015f\u0131 5. Alman gaz talebi kafa kar\u0131\u015ft\u0131r\u0131c\u0131 1.LNG \u00dcretim Maliyetleri&nbsp; https:\/\/twitter.com\/ed_fin\/status\/1965727473905360927\/photo\/1 2. 2025 y\u0131l\u0131 K\u00fcresel petrol talep art\u0131\u015f\u0131 tahmininin farkl\u0131 kurumlar\u0131n ayl\u0131k raporlar\u0131nda, rapor tarihlerine g\u00f6re de\u011fi\u015fimi &hellip; <a href=\"https:\/\/barissanli.com\/eak\/2025\/09\/5enerji-grafiginde-14-eylul-2025\/\" class=\"more-link\">Continue reading <span class=\"screen-reader-text\">#5Enerji\u00a0Grafi\u011finde 14 Eyl\u00fcl 2025<\/span><\/a><\/p>\n","protected":false},"author":1,"featured_media":0,"comment_status":"closed","ping_status":"closed","sticky":false,"template":"","format":"standard","meta":{"footnotes":""},"categories":[1],"tags":[],"_links":{"self":[{"href":"https:\/\/barissanli.com\/eak\/wp-json\/wp\/v2\/posts\/7986"}],"collection":[{"href":"https:\/\/barissanli.com\/eak\/wp-json\/wp\/v2\/posts"}],"about":[{"href":"https:\/\/barissanli.com\/eak\/wp-json\/wp\/v2\/types\/post"}],"author":[{"embeddable":true,"href":"https:\/\/barissanli.com\/eak\/wp-json\/wp\/v2\/users\/1"}],"replies":[{"embeddable":true,"href":"https:\/\/barissanli.com\/eak\/wp-json\/wp\/v2\/comments?post=7986"}],"version-history":[{"count":1,"href":"https:\/\/barissanli.com\/eak\/wp-json\/wp\/v2\/posts\/7986\/revisions"}],"predecessor-version":[{"id":7992,"href":"https:\/\/barissanli.com\/eak\/wp-json\/wp\/v2\/posts\/7986\/revisions\/7992"}],"wp:attachment":[{"href":"https:\/\/barissanli.com\/eak\/wp-json\/wp\/v2\/media?parent=7986"}],"wp:term":[{"taxonomy":"category","embeddable":true,"href":"https:\/\/barissanli.com\/eak\/wp-json\/wp\/v2\/categories?post=7986"},{"taxonomy":"post_tag","embeddable":true,"href":"https:\/\/barissanli.com\/eak\/wp-json\/wp\/v2\/tags?post=7986"}],"curies":[{"name":"wp","href":"https:\/\/api.w.org\/{rel}","templated":true}]}}