{"id":7453,"date":"2025-06-19T14:17:56","date_gmt":"2025-06-19T14:17:56","guid":{"rendered":"https:\/\/barissanli.com\/eak\/?p=7453"},"modified":"2025-06-19T19:12:47","modified_gmt":"2025-06-19T19:12:47","slug":"19-haziran-2025","status":"publish","type":"post","link":"https:\/\/barissanli.com\/eak\/2025\/06\/19-haziran-2025\/","title":{"rendered":"19 Haziran 2025"},"content":{"rendered":"\n<p>\u0130spanya elektrik kesintisinde 2.perde. Bu sefer de sistem i\u015fletmecisi Red Electrica&#8217;dan salvolar <a href=\"https:\/\/d1n1o4zeyfu21r.cloudfront.net\/WEB_Incidente_SistemaElectricoPeninsularEspanol_18junio2025.pdf\">raporu<\/a><\/p>\n\n\n\n<p><\/p>\n\n\n\n<p><a href=\"https:\/\/www.cmegroup.com\/apps\/cmegroup\/widgets\/productLibs\/esignal-charts.html?type=p&amp;code=HO&amp;title=Chart+-+Jul+2025+NY+Harbor+ULSD&amp;venue=1&amp;monthYear=N5&amp;year=2025&amp;exchangeCode=XNYM&amp;interval=1\">Dizel<\/a> Roketledi resmen<\/p>\n\n\n\n<figure class=\"wp-block-image size-large\"><img loading=\"lazy\" decoding=\"async\" width=\"1024\" height=\"600\" src=\"https:\/\/barissanli.com\/eak\/wp-content\/uploads\/2025\/06\/Screenshot-2025-06-19-at-17.16.36-1024x600.png\" alt=\"\" class=\"wp-image-7454\" srcset=\"https:\/\/barissanli.com\/eak\/wp-content\/uploads\/2025\/06\/Screenshot-2025-06-19-at-17.16.36-1024x600.png 1024w, https:\/\/barissanli.com\/eak\/wp-content\/uploads\/2025\/06\/Screenshot-2025-06-19-at-17.16.36-300x176.png 300w, https:\/\/barissanli.com\/eak\/wp-content\/uploads\/2025\/06\/Screenshot-2025-06-19-at-17.16.36-768x450.png 768w, https:\/\/barissanli.com\/eak\/wp-content\/uploads\/2025\/06\/Screenshot-2025-06-19-at-17.16.36-1536x900.png 1536w, https:\/\/barissanli.com\/eak\/wp-content\/uploads\/2025\/06\/Screenshot-2025-06-19-at-17.16.36.png 1736w\" sizes=\"(max-width: 1024px) 100vw, 1024px\" \/><\/figure>\n\n\n\n<p><a href=\"https:\/\/x.com\/chigrl\/status\/1935673656316658083\">K\u00f6rfezden<\/a> \u00e7\u0131k\u0131\u015f g\u00fczergahlar\u0131. &#8220;Energy Intelligence, Opec-plus&#8217;\u0131n g\u00fcnde 6,74 milyon varil d\u00fczeltilmi\u015f yedek kapasitesinin veya 30 g\u00fcn i\u00e7inde faaliyete ge\u00e7irilebilecek ve en az \u00fc\u00e7 ay boyunca s\u00fcrd\u00fcr\u00fclebilecek kapasitenin yakla\u015f\u0131k %83&#8217;\u00fcn\u00fcn, mevcut ihracat\u0131 H\u00fcrm\u00fcz Bo\u011faz\u0131&#8217;ndan ge\u00e7en Orta Do\u011fu K\u00f6rfez \u00fclkelerinde bulundu\u011funu tahmin ediyor. Bo\u011faz ayn\u0131 zamanda Orta Do\u011fu K\u00f6rfez \u00fclkelerinden LNG ihracat\u0131n\u0131n da ayr\u0131lmaz bir par\u00e7as\u0131d\u0131r.&#8221;Orjinal link: <a href=\"https:\/\/www.energyintel.com\/00000197-831b-def3-a19f-fbdf5ec00000\">https:\/\/www.energyintel.com\/00000197-831b-def3-a19f-fbdf5ec00000<\/a><\/p>\n\n\n\n<figure class=\"wp-block-image\"><img decoding=\"async\" src=\"https:\/\/pbs.twimg.com\/media\/Gtzk7sGW4AAVeZX?format=jpg&amp;name=small\" alt=\"Image\"\/><\/figure>\n\n\n\n<p>ABD araba sat\u0131\u015flar\u0131 ile \u00c7in elektrikli <a href=\"https:\/\/x.com\/electricfelix\/status\/1935348495730221341\/photo\/1\">araba sat\u0131\u015flar\u0131<\/a><\/p>\n\n\n\n<figure class=\"wp-block-image\"><img decoding=\"async\" src=\"https:\/\/pbs.twimg.com\/media\/Gtu9MlgWUAA2T_S?format=jpg&amp;name=900x900\" alt=\"Image\"\/><\/figure>\n\n\n\n<p><a href=\"https:\/\/x.com\/Global_LNG\/status\/1935310886031200676\/photo\/1\">Rystad&#8217;dan<\/a> tahminler<\/p>\n\n\n\n<figure class=\"wp-block-image\"><img decoding=\"async\" src=\"https:\/\/pbs.twimg.com\/media\/Gtua_sIWYAA9aUE?format=jpg&amp;name=900x900\" alt=\"Image\"\/><\/figure>\n\n\n\n<p><a href=\"https:\/\/x.com\/Global_LNG\/status\/1935677745071087890\/photo\/1\">K\u00f6m\u00fcr<\/a> t\u00fcketiminde de\u011fi\u015fimler<\/p>\n\n\n\n<figure class=\"wp-block-image\"><img decoding=\"async\" src=\"https:\/\/pbs.twimg.com\/media\/GtzoptdXUAAXHcn?format=jpg&amp;name=900x900\" alt=\"Image\"\/><\/figure>\n\n\n\n<p><a href=\"https:\/\/peakoilbarrel.com\/opec-update-june-2025\/\">OPEC+ ham petrol <\/a>\u00fcretimi<\/p>\n\n\n\n<figure class=\"wp-block-image\"><img decoding=\"async\" src=\"https:\/\/peakoilbarrel.com\/wp-content\/uploads\/2025\/06\/790176-1.gif\" alt=\"\"\/><\/figure>\n\n\n\n<p><a href=\"https:\/\/x.com\/OilCfd\/status\/1935697921137422582\/photo\/1\">Dizel<\/a> farklar\u0131 u\u00e7tu<\/p>\n\n\n\n<figure class=\"wp-block-image\"><img decoding=\"async\" src=\"https:\/\/pbs.twimg.com\/media\/Gtz62vwXsAAoDZs?format=png&amp;name=900x900\" alt=\"Image\"\/><\/figure>\n\n\n\n<p><a href=\"https:\/\/x.com\/fbeirao\/status\/1935579619312427166\/photo\/1\">K\u00f6m\u00fcrden<\/a> elektrik \u00fcretimi<\/p>\n\n\n\n<figure class=\"wp-block-image\"><img decoding=\"async\" src=\"https:\/\/pbs.twimg.com\/media\/GtyPZ51W4AA2rY2?format=jpg&amp;name=large\" alt=\"Image\"\/><\/figure>\n\n\n\n<p>Iran&#8217;\u0131n <a href=\"https:\/\/www.bloomberg.com\/news\/features\/2025-06-19\/iran-races-to-export-oil-as-us-mulls-joining-israel-strikes\">ham petrol ihracat\u0131<\/a><\/p>\n\n\n\n<figure class=\"wp-block-image size-full\"><img loading=\"lazy\" decoding=\"async\" width=\"678\" height=\"417\" src=\"https:\/\/barissanli.com\/eak\/wp-content\/uploads\/2025\/06\/Screenshot-2025-06-19-at-21.21.16.png\" alt=\"\" class=\"wp-image-7465\" srcset=\"https:\/\/barissanli.com\/eak\/wp-content\/uploads\/2025\/06\/Screenshot-2025-06-19-at-21.21.16.png 678w, https:\/\/barissanli.com\/eak\/wp-content\/uploads\/2025\/06\/Screenshot-2025-06-19-at-21.21.16-300x185.png 300w\" sizes=\"(max-width: 678px) 100vw, 678px\" \/><\/figure>\n\n\n\n<p><a href=\"https:\/\/x.com\/OilCfd\/status\/1935765048963543350\/photo\/1\">H\u00fcrm\u00fcz&#8217;de<\/a> tanker trafi\u011fi<\/p>\n\n\n\n<figure class=\"wp-block-image\"><img decoding=\"async\" src=\"https:\/\/pbs.twimg.com\/media\/Gt03-MPW4AAfwkY?format=png&amp;name=900x900\" alt=\"Image\"\/><\/figure>\n","protected":false},"excerpt":{"rendered":"<p>\u0130spanya elektrik kesintisinde 2.perde. Bu sefer de sistem i\u015fletmecisi Red Electrica&#8217;dan salvolar raporu Dizel Roketledi resmen K\u00f6rfezden \u00e7\u0131k\u0131\u015f g\u00fczergahlar\u0131. &#8220;Energy Intelligence, Opec-plus&#8217;\u0131n g\u00fcnde 6,74 milyon varil d\u00fczeltilmi\u015f yedek kapasitesinin veya 30 g\u00fcn i\u00e7inde faaliyete ge\u00e7irilebilecek ve en az \u00fc\u00e7 ay boyunca s\u00fcrd\u00fcr\u00fclebilecek kapasitenin yakla\u015f\u0131k %83&#8217;\u00fcn\u00fcn, mevcut ihracat\u0131 H\u00fcrm\u00fcz Bo\u011faz\u0131&#8217;ndan ge\u00e7en Orta Do\u011fu K\u00f6rfez \u00fclkelerinde bulundu\u011funu &hellip; <a href=\"https:\/\/barissanli.com\/eak\/2025\/06\/19-haziran-2025\/\" class=\"more-link\">Continue reading <span class=\"screen-reader-text\">19 Haziran 2025<\/span><\/a><\/p>\n","protected":false},"author":1,"featured_media":0,"comment_status":"closed","ping_status":"closed","sticky":false,"template":"","format":"standard","meta":{"footnotes":""},"categories":[1],"tags":[],"_links":{"self":[{"href":"https:\/\/barissanli.com\/eak\/wp-json\/wp\/v2\/posts\/7453"}],"collection":[{"href":"https:\/\/barissanli.com\/eak\/wp-json\/wp\/v2\/posts"}],"about":[{"href":"https:\/\/barissanli.com\/eak\/wp-json\/wp\/v2\/types\/post"}],"author":[{"embeddable":true,"href":"https:\/\/barissanli.com\/eak\/wp-json\/wp\/v2\/users\/1"}],"replies":[{"embeddable":true,"href":"https:\/\/barissanli.com\/eak\/wp-json\/wp\/v2\/comments?post=7453"}],"version-history":[{"count":12,"href":"https:\/\/barissanli.com\/eak\/wp-json\/wp\/v2\/posts\/7453\/revisions"}],"predecessor-version":[{"id":7467,"href":"https:\/\/barissanli.com\/eak\/wp-json\/wp\/v2\/posts\/7453\/revisions\/7467"}],"wp:attachment":[{"href":"https:\/\/barissanli.com\/eak\/wp-json\/wp\/v2\/media?parent=7453"}],"wp:term":[{"taxonomy":"category","embeddable":true,"href":"https:\/\/barissanli.com\/eak\/wp-json\/wp\/v2\/categories?post=7453"},{"taxonomy":"post_tag","embeddable":true,"href":"https:\/\/barissanli.com\/eak\/wp-json\/wp\/v2\/tags?post=7453"}],"curies":[{"name":"wp","href":"https:\/\/api.w.org\/{rel}","templated":true}]}}