{"id":6679,"date":"2025-02-26T08:07:08","date_gmt":"2025-02-26T08:07:08","guid":{"rendered":"https:\/\/barissanli.com\/eak\/?p=6679"},"modified":"2025-02-26T11:11:17","modified_gmt":"2025-02-26T11:11:17","slug":"26-subat-2025","status":"publish","type":"post","link":"https:\/\/barissanli.com\/eak\/2025\/02\/26-subat-2025\/","title":{"rendered":"26 \u015eubat 2025"},"content":{"rendered":"\n<p><a href=\"https:\/\/www.mckinsey.com\/industries\/energy-and-materials\/our-insights\/how-to-capture-the-next-s-curve-in-commodity-trading\">Emtia<\/a> ticaretinde EBIT miktar\u0131 100 milyar $&#8217;lar\u0131 g\u00f6rd\u00fckten sonra d\u00fc\u015ft\u00fc.<\/p>\n\n\n\n<figure class=\"wp-block-image\"><img decoding=\"async\" src=\"https:\/\/www.mckinsey.com\/~\/media\/mckinsey\/industries\/energy%20and%20materials\/our%20insights\/how%20to%20capture%20the%20next%20s%20curve%20in%20commodity%20trading\/svgz_mck248258%20maximizing%20commodity_v6-web_exh1-v2.svgz?cq=50&amp;cpy=Center\" alt=\"Projections show commodity trading value pools increasing by 10 percent per annum by 2030.\"\/><\/figure>\n\n\n\n<figure class=\"wp-block-image\"><img decoding=\"async\" src=\"https:\/\/www.mckinsey.com\/~\/media\/mckinsey\/industries\/energy%20and%20materials\/our%20insights\/how%20to%20capture%20the%20next%20s%20curve%20in%20commodity%20trading\/svgz_mck248258%20maximizing%20commodity_v5-web_exh3.svgz?cq=50&amp;cpy=Center\" alt=\"Changes in supply and demand have led to a more balanced outlook, but supply shortage is still anticipated for several materials.\"\/><\/figure>\n\n\n\n<figure class=\"wp-block-image\"><img decoding=\"async\" src=\"https:\/\/www.mckinsey.com\/~\/media\/mckinsey\/industries\/energy%20and%20materials\/our%20insights\/how%20to%20capture%20the%20next%20s%20curve%20in%20commodity%20trading\/svgz_mck248258%20maximizing%20commodity_v5-web_exh6.svgz?cq=50&amp;cpy=Center\" alt=\"Growth in energy transition\u2013related asset classes until the end of the decade will likely be driven by voluntary carbon markets.\"\/><\/figure>\n\n\n\n<figure class=\"wp-block-image\"><img decoding=\"async\" src=\"https:\/\/www.mckinsey.com\/~\/media\/mckinsey\/industries\/energy%20and%20materials\/our%20insights\/how%20to%20capture%20the%20next%20s%20curve%20in%20commodity%20trading\/svgz_mck248258%20maximizing%20commodity_v5-web_exh7.svgz?cq=50&amp;cpy=Center\" alt=\"Buyer willingness to pay premiums varies across materials categories.\"\/><\/figure>\n\n\n\n<p>Ukrayna ve <a href=\"https:\/\/www.ft.com\/content\/1890d104-1395-4393-a71d-d299aed448e6\">ABD mineral rezerv anla\u015fmas\u0131<\/a> imzal\u0131yor. <\/p>\n\n\n\n<figure class=\"wp-block-image\"><img decoding=\"async\" src=\"https:\/\/www.ft.com\/__origami\/service\/image\/v2\/images\/raw\/https%3A%2F%2Fpublic.flourish.studio%2Fvisualisation%2F21671613%2Fthumbnail%3FcacheBuster%3D966959?source=cp-content-pipeline&amp;fit=scale-down&amp;quality=highest&amp;width=1020&amp;dpr=1\" alt=\"\"\/><\/figure>\n\n\n\n<p>AB&#8217;de <a href=\"https:\/\/www.politico.eu\/article\/europes-impossible-choice-which-industries-should-survive-the-green-transition\/\">al\u00fcminyum<\/a> \u00fcretim fiyat\u0131 5000\u20ac&#8217;ya da \u00e7\u0131km\u0131\u015f. 1ton i\u00e7in 6.7 ton CO2 \u00fcretiliyormu\u015f.<\/p>\n\n\n\n<figure class=\"wp-block-image size-full\"><img loading=\"lazy\" decoding=\"async\" width=\"696\" height=\"508\" src=\"https:\/\/barissanli.com\/eak\/wp-content\/uploads\/2025\/02\/Screenshot-2025-02-26-at-11.42.03.png\" alt=\"\" class=\"wp-image-6684\" srcset=\"https:\/\/barissanli.com\/eak\/wp-content\/uploads\/2025\/02\/Screenshot-2025-02-26-at-11.42.03.png 696w, https:\/\/barissanli.com\/eak\/wp-content\/uploads\/2025\/02\/Screenshot-2025-02-26-at-11.42.03-300x219.png 300w\" sizes=\"(max-width: 696px) 100vw, 696px\" \/><\/figure>\n\n\n\n<p>\u0130ngiltere <a href=\"https:\/\/www.linkedin.com\/posts\/jason-mann-7722722_updated-assessment-of-zonal-market-design-ugcPost-7300162223589519360-39en?utm_source=share&amp;utm_medium=member_desktop&amp;rcm=ACoAAAMlwysBNVEj8c-BFnxD02_18AHkzSLSLcs\">fiyat b\u00f6lgeleri <\/a><\/p>\n\n\n\n<figure class=\"wp-block-image size-large\"><img loading=\"lazy\" decoding=\"async\" width=\"1024\" height=\"507\" src=\"https:\/\/barissanli.com\/eak\/wp-content\/uploads\/2025\/02\/Screenshot-2025-02-26-at-12.06.08-1024x507.png\" alt=\"\" class=\"wp-image-6686\" srcset=\"https:\/\/barissanli.com\/eak\/wp-content\/uploads\/2025\/02\/Screenshot-2025-02-26-at-12.06.08-1024x507.png 1024w, https:\/\/barissanli.com\/eak\/wp-content\/uploads\/2025\/02\/Screenshot-2025-02-26-at-12.06.08-300x149.png 300w, https:\/\/barissanli.com\/eak\/wp-content\/uploads\/2025\/02\/Screenshot-2025-02-26-at-12.06.08-768x381.png 768w, https:\/\/barissanli.com\/eak\/wp-content\/uploads\/2025\/02\/Screenshot-2025-02-26-at-12.06.08.png 1098w\" sizes=\"(max-width: 1024px) 100vw, 1024px\" \/><\/figure>\n\n\n\n<p>&#8220;Ge\u00e7en y\u0131l <a href=\"https:\/\/x.com\/mmjukic\/status\/1894147341067620776\/photo\/1\">\u00c7in, ABD&#8217;den<\/a> iki kat daha fazla elektrik \u00fcretti, 12,6 kat daha fazla \u00e7elik ve 22 kat daha fazla \u00e7imento \u00fcretti. \u00c7in&#8217;in tersaneleri ABD \u00fcretimi ihmal edilebilirken d\u00fcnya \u00fcretiminin %50&#8217;si. 2023&#8217;te \u00c7in 30,2 milyon ara\u00e7, ABD&#8217;de \u00fcretilen 10,6 milyondan neredeyse \u00fc\u00e7 kat daha fazla. Talep taraf\u0131nda, ge\u00e7en y\u0131l \u00c7in&#8217;de 26 milyon ara\u00e7 sat\u0131ld\u0131, bu da ABD&#8217;de sat\u0131lan 15,5 milyondan %68 daha fazla. \u00c7inli t\u00fcketiciler, ABD&#8217;de sat\u0131lan 144 milyonun \u00fc\u00e7 kat\u0131 olan 434 milyon ak\u0131ll\u0131 telefon sat\u0131n ald\u0131. Bir \u00fclke olarak \u00c7in, ABD&#8217;den iki kat daha fazla et ve sekiz kat daha fazla deniz \u00fcr\u00fcnleri t\u00fcketiyor. \u00c7inli al\u0131\u015fveri\u015f yapanlar iki kat daha fazla harcad\u0131. Amerikal\u0131 al\u0131\u015fveri\u015f\u00e7iler olarak l\u00fcks \u00fcr\u00fcnler.&#8221;<\/p>\n\n\n\n<p><a href=\"https:\/\/www.bloomberg.com\/news\/articles\/2025-02-25\/chile-slammed-by-massive-power-outage-affecting-most-of-country\">\u015eili&#8217;de<\/a> iletim hatt\u0131ndaki sorundan dolay\u0131 8 milyon ki\u015fi elektriksiz kald\u0131. ISA InterChile S.A&#8217;n\u0131n hatlar\u0131. Son 15 y\u0131l\u0131n en k\u00f6t\u00fc hadisesi.<\/p>\n","protected":false},"excerpt":{"rendered":"<p>Emtia ticaretinde EBIT miktar\u0131 100 milyar $&#8217;lar\u0131 g\u00f6rd\u00fckten sonra d\u00fc\u015ft\u00fc. Ukrayna ve ABD mineral rezerv anla\u015fmas\u0131 imzal\u0131yor. AB&#8217;de al\u00fcminyum \u00fcretim fiyat\u0131 5000\u20ac&#8217;ya da \u00e7\u0131km\u0131\u015f. 1ton i\u00e7in 6.7 ton CO2 \u00fcretiliyormu\u015f. \u0130ngiltere fiyat b\u00f6lgeleri &#8220;Ge\u00e7en y\u0131l \u00c7in, ABD&#8217;den iki kat daha fazla elektrik \u00fcretti, 12,6 kat daha fazla \u00e7elik ve 22 kat daha fazla \u00e7imento \u00fcretti. &hellip; <a href=\"https:\/\/barissanli.com\/eak\/2025\/02\/26-subat-2025\/\" class=\"more-link\">Continue reading <span class=\"screen-reader-text\">26 \u015eubat 2025<\/span><\/a><\/p>\n","protected":false},"author":1,"featured_media":0,"comment_status":"closed","ping_status":"closed","sticky":false,"template":"","format":"standard","meta":{"footnotes":""},"categories":[1],"tags":[],"_links":{"self":[{"href":"https:\/\/barissanli.com\/eak\/wp-json\/wp\/v2\/posts\/6679"}],"collection":[{"href":"https:\/\/barissanli.com\/eak\/wp-json\/wp\/v2\/posts"}],"about":[{"href":"https:\/\/barissanli.com\/eak\/wp-json\/wp\/v2\/types\/post"}],"author":[{"embeddable":true,"href":"https:\/\/barissanli.com\/eak\/wp-json\/wp\/v2\/users\/1"}],"replies":[{"embeddable":true,"href":"https:\/\/barissanli.com\/eak\/wp-json\/wp\/v2\/comments?post=6679"}],"version-history":[{"count":7,"href":"https:\/\/barissanli.com\/eak\/wp-json\/wp\/v2\/posts\/6679\/revisions"}],"predecessor-version":[{"id":6689,"href":"https:\/\/barissanli.com\/eak\/wp-json\/wp\/v2\/posts\/6679\/revisions\/6689"}],"wp:attachment":[{"href":"https:\/\/barissanli.com\/eak\/wp-json\/wp\/v2\/media?parent=6679"}],"wp:term":[{"taxonomy":"category","embeddable":true,"href":"https:\/\/barissanli.com\/eak\/wp-json\/wp\/v2\/categories?post=6679"},{"taxonomy":"post_tag","embeddable":true,"href":"https:\/\/barissanli.com\/eak\/wp-json\/wp\/v2\/tags?post=6679"}],"curies":[{"name":"wp","href":"https:\/\/api.w.org\/{rel}","templated":true}]}}