{"id":6435,"date":"2025-02-04T06:25:46","date_gmt":"2025-02-04T06:25:46","guid":{"rendered":"https:\/\/barissanli.com\/eak\/?p=6435"},"modified":"2025-02-04T08:18:28","modified_gmt":"2025-02-04T08:18:28","slug":"4-subat-2025","status":"publish","type":"post","link":"https:\/\/barissanli.com\/eak\/2025\/02\/4-subat-2025\/","title":{"rendered":"4 \u015eubat 2025"},"content":{"rendered":"\n<p>ABD LNG ihracat\u0131na giden <a href=\"https:\/\/x.com\/PipelineFlows\/status\/1886420577646264664\/photo\/1\">gaz beslemesindeki<\/a> art\u0131\u015f<\/p>\n\n\n\n<figure class=\"wp-block-image\"><img decoding=\"async\" src=\"https:\/\/pbs.twimg.com\/media\/Gi3phAMXcAABNaE?format=png&amp;name=small\" alt=\"Image\"\/><\/figure>\n\n\n\n<p>ABD <a href=\"https:\/\/x.com\/JamieHeard5\/status\/1886518164634128594\/photo\/1\">Gaz talebindeki <\/a>art\u0131\u015f<\/p>\n\n\n\n<figure class=\"wp-block-image\"><img decoding=\"async\" src=\"https:\/\/pbs.twimg.com\/media\/Gi5AqGtWsAAv5-7?format=jpg&amp;name=large\" alt=\"Image\"\/><\/figure>\n\n\n\n<p><a href=\"https:\/\/www.ft.com\/content\/47dbfee3-5517-43c6-85ab-dfe86d2d4085\">ABD kapasite<\/a> art\u0131\u015f\u0131<\/p>\n\n\n\n<figure class=\"wp-block-image size-full\"><img loading=\"lazy\" decoding=\"async\" width=\"783\" height=\"900\" src=\"https:\/\/barissanli.com\/eak\/wp-content\/uploads\/2025\/02\/Screenshot-2025-02-04-at-09.21.17.png\" alt=\"\" class=\"wp-image-6436\" srcset=\"https:\/\/barissanli.com\/eak\/wp-content\/uploads\/2025\/02\/Screenshot-2025-02-04-at-09.21.17.png 783w, https:\/\/barissanli.com\/eak\/wp-content\/uploads\/2025\/02\/Screenshot-2025-02-04-at-09.21.17-261x300.png 261w, https:\/\/barissanli.com\/eak\/wp-content\/uploads\/2025\/02\/Screenshot-2025-02-04-at-09.21.17-768x883.png 768w\" sizes=\"(max-width: 783px) 100vw, 783px\" \/><\/figure>\n\n\n\n<p>ABD&#8217;de de \u00f6n\u00fcm\u00fczdeki y\u0131llarda devreye girecek 100 GW&#8217;a yak\u0131n kapasitenin <a href=\"https:\/\/www.ft.com\/content\/47dbfee3-5517-43c6-85ab-dfe86d2d4085\">%90&#8217;\u0131 yenilenebilir ve pil<\/a><\/p>\n\n\n\n<figure class=\"wp-block-image size-full\"><img loading=\"lazy\" decoding=\"async\" width=\"736\" height=\"915\" src=\"https:\/\/barissanli.com\/eak\/wp-content\/uploads\/2025\/02\/Screenshot-2025-02-04-at-09.23.39.png\" alt=\"\" class=\"wp-image-6437\" srcset=\"https:\/\/barissanli.com\/eak\/wp-content\/uploads\/2025\/02\/Screenshot-2025-02-04-at-09.23.39.png 736w, https:\/\/barissanli.com\/eak\/wp-content\/uploads\/2025\/02\/Screenshot-2025-02-04-at-09.23.39-241x300.png 241w\" sizes=\"(max-width: 736px) 100vw, 736px\" \/><\/figure>\n\n\n\n<p>&#8220;<\/p>\n\n\n\n<p><a href=\"https:\/\/www.ft.com\/content\/94efcd8a-93ce-4ca6-bd07-061bfed1fdbf\">Zelenskyy&#8217;e<\/a> yak\u0131n ki\u015fi deme\u00e7te, Trump&#8217;\u0131n a\u00e7\u0131klamalar\u0131n\u0131n &#8220;sonbaharda kendisine sunulan &#8216;zafer plan\u0131&#8217; ile uyumlu g\u00f6r\u00fcnd\u00fc\u011f\u00fcn\u00fc&#8221; s\u00f6yledi. Kiev, geni\u015f titanyum, demir cevheri ve k\u00f6m\u00fcr rezervinin yan\u0131 s\u0131ra, on trilyonlarca dolar de\u011ferinde tahmin edilen 500.000 ton lityuma sahiptir.<\/p>\n\n\n\n<p><a href=\"https:\/\/x.com\/visegrad24\/status\/1886076113924894826\/photo\/1\">Yunanistan&#8217;da<\/a> deprem bekleniyor<\/p>\n\n\n\n<figure class=\"wp-block-image\"><img decoding=\"async\" src=\"https:\/\/pbs.twimg.com\/media\/GiywOl6WgAAwFco?format=jpg&amp;name=small\" alt=\"Image\"\/><\/figure>\n","protected":false},"excerpt":{"rendered":"<p>ABD LNG ihracat\u0131na giden gaz beslemesindeki art\u0131\u015f ABD Gaz talebindeki art\u0131\u015f ABD kapasite art\u0131\u015f\u0131 ABD&#8217;de de \u00f6n\u00fcm\u00fczdeki y\u0131llarda devreye girecek 100 GW&#8217;a yak\u0131n kapasitenin %90&#8217;\u0131 yenilenebilir ve pil &#8220; Zelenskyy&#8217;e yak\u0131n ki\u015fi deme\u00e7te, Trump&#8217;\u0131n a\u00e7\u0131klamalar\u0131n\u0131n &#8220;sonbaharda kendisine sunulan &#8216;zafer plan\u0131&#8217; ile uyumlu g\u00f6r\u00fcnd\u00fc\u011f\u00fcn\u00fc&#8221; s\u00f6yledi. Kiev, geni\u015f titanyum, demir cevheri ve k\u00f6m\u00fcr rezervinin yan\u0131 s\u0131ra, on &hellip; <a href=\"https:\/\/barissanli.com\/eak\/2025\/02\/4-subat-2025\/\" class=\"more-link\">Continue reading <span class=\"screen-reader-text\">4 \u015eubat 2025<\/span><\/a><\/p>\n","protected":false},"author":1,"featured_media":0,"comment_status":"closed","ping_status":"closed","sticky":false,"template":"","format":"standard","meta":{"footnotes":""},"categories":[1],"tags":[],"_links":{"self":[{"href":"https:\/\/barissanli.com\/eak\/wp-json\/wp\/v2\/posts\/6435"}],"collection":[{"href":"https:\/\/barissanli.com\/eak\/wp-json\/wp\/v2\/posts"}],"about":[{"href":"https:\/\/barissanli.com\/eak\/wp-json\/wp\/v2\/types\/post"}],"author":[{"embeddable":true,"href":"https:\/\/barissanli.com\/eak\/wp-json\/wp\/v2\/users\/1"}],"replies":[{"embeddable":true,"href":"https:\/\/barissanli.com\/eak\/wp-json\/wp\/v2\/comments?post=6435"}],"version-history":[{"count":4,"href":"https:\/\/barissanli.com\/eak\/wp-json\/wp\/v2\/posts\/6435\/revisions"}],"predecessor-version":[{"id":6441,"href":"https:\/\/barissanli.com\/eak\/wp-json\/wp\/v2\/posts\/6435\/revisions\/6441"}],"wp:attachment":[{"href":"https:\/\/barissanli.com\/eak\/wp-json\/wp\/v2\/media?parent=6435"}],"wp:term":[{"taxonomy":"category","embeddable":true,"href":"https:\/\/barissanli.com\/eak\/wp-json\/wp\/v2\/categories?post=6435"},{"taxonomy":"post_tag","embeddable":true,"href":"https:\/\/barissanli.com\/eak\/wp-json\/wp\/v2\/tags?post=6435"}],"curies":[{"name":"wp","href":"https:\/\/api.w.org\/{rel}","templated":true}]}}