{"id":6385,"date":"2025-01-30T09:13:16","date_gmt":"2025-01-30T09:13:16","guid":{"rendered":"https:\/\/barissanli.com\/eak\/?p=6385"},"modified":"2025-01-31T05:22:31","modified_gmt":"2025-01-31T05:22:31","slug":"30-ocak-2025","status":"publish","type":"post","link":"https:\/\/barissanli.com\/eak\/2025\/01\/30-ocak-2025\/","title":{"rendered":"30 Ocak 2025"},"content":{"rendered":"\n<p>Ge\u00e7en sene <a href=\"https:\/\/www.ft.com\/content\/b604eb15-56bf-4b03-b098-65a0e7bdbb9e\">Shell<\/a> ve BP temiz enerji ve iklim hedeflerini azaltt\u0131 veya yumu\u015fatt\u0131. Shell anlad\u0131\u011f\u0131m\u0131z kadar\u0131 ile <a href=\"https:\/\/www.ft.com\/content\/b604eb15-56bf-4b03-b098-65a0e7bdbb9e\">karbon ofsetleri<\/a> ile bu meseleyi \u00e7\u00f6zmeye \u00e7al\u0131\u015f\u0131yor. bir karbon kredisinin kullan\u0131labilmesi i\u00e7in \u00f6nce emekli edilmesi gerekiyor. Bu sebeple kullan\u0131lan kredi &#8220;emekli edilen kredi&#8221;.<\/p>\n\n\n\n<figure class=\"wp-block-image size-full\"><img loading=\"lazy\" decoding=\"async\" width=\"730\" height=\"461\" src=\"https:\/\/barissanli.com\/eak\/wp-content\/uploads\/2025\/01\/Screenshot-2025-01-30-at-10.36.02.png\" alt=\"\" class=\"wp-image-6386\" srcset=\"https:\/\/barissanli.com\/eak\/wp-content\/uploads\/2025\/01\/Screenshot-2025-01-30-at-10.36.02.png 730w, https:\/\/barissanli.com\/eak\/wp-content\/uploads\/2025\/01\/Screenshot-2025-01-30-at-10.36.02-300x189.png 300w\" sizes=\"(max-width: 730px) 100vw, 730px\" \/><\/figure>\n\n\n\n<figure class=\"wp-block-image size-full\"><img loading=\"lazy\" decoding=\"async\" width=\"731\" height=\"576\" src=\"https:\/\/barissanli.com\/eak\/wp-content\/uploads\/2025\/01\/Screenshot-2025-01-30-at-10.37.52.png\" alt=\"\" class=\"wp-image-6387\" srcset=\"https:\/\/barissanli.com\/eak\/wp-content\/uploads\/2025\/01\/Screenshot-2025-01-30-at-10.37.52.png 731w, https:\/\/barissanli.com\/eak\/wp-content\/uploads\/2025\/01\/Screenshot-2025-01-30-at-10.37.52-300x236.png 300w\" sizes=\"(max-width: 731px) 100vw, 731px\" \/><\/figure>\n\n\n\n<p>AB <a href=\"https:\/\/x.com\/sohbetkarbuz\/status\/1884879094946410652\/photo\/1\">enerji s\u00fcbvansiyonlar\u0131<\/a>, ama\u00e7 ve sekt\u00f6re g\u00f6re<\/p>\n\n\n\n<figure class=\"wp-block-image\"><img decoding=\"async\" src=\"https:\/\/pbs.twimg.com\/media\/Gihs6wDXoAA1No7?format=png&amp;name=900x900\" alt=\"Image\"\/><\/figure>\n\n\n\n<figure class=\"wp-block-image\"><img decoding=\"async\" src=\"https:\/\/pbs.twimg.com\/media\/GihuaWJWgAEQE4p?format=png&amp;name=900x900\" alt=\"Image\"\/><\/figure>\n\n\n\n<p>Shell <a href=\"https:\/\/www.shell.com\/investors\/results-and-reporting\/quarterly-results.html?utm_medium=social_organic&amp;utm_content=___&amp;utm_campaign=__-_&amp;utm_source=twitter&amp;postid=15988119916&amp;linkId=731326467\">rafineri marj\u0131<\/a> d\u00fc\u015ferken, kimsayal marj\u0131 sa\u011flam<\/p>\n\n\n\n<figure class=\"wp-block-image size-full\"><img loading=\"lazy\" decoding=\"async\" width=\"403\" height=\"538\" src=\"https:\/\/barissanli.com\/eak\/wp-content\/uploads\/2025\/01\/Screenshot-2025-01-30-at-12.16.31.png\" alt=\"\" class=\"wp-image-6390\" srcset=\"https:\/\/barissanli.com\/eak\/wp-content\/uploads\/2025\/01\/Screenshot-2025-01-30-at-12.16.31.png 403w, https:\/\/barissanli.com\/eak\/wp-content\/uploads\/2025\/01\/Screenshot-2025-01-30-at-12.16.31-225x300.png 225w\" sizes=\"(max-width: 403px) 100vw, 403px\" \/><\/figure>\n\n\n\n<p><a href=\"https:\/\/www.ft.com\/content\/a19aa690-fb54-41ea-9885-10972b11ab24\">Avrupa Komisyonu&#8217;nun<\/a> en \u00fcst d\u00fczey enerji yetkililerinden biri Ditte Juul J\u00f8rgensen, uzun vadeli potansiyel tedariklere de\u011finecek g\u00f6r\u00fc\u015fmeler i\u00e7in bu hafta ABD&#8217;de LNG ihracat\u00e7\u0131lar\u0131 toplant\u0131s\u0131nda<\/p>\n","protected":false},"excerpt":{"rendered":"<p>Ge\u00e7en sene Shell ve BP temiz enerji ve iklim hedeflerini azaltt\u0131 veya yumu\u015fatt\u0131. Shell anlad\u0131\u011f\u0131m\u0131z kadar\u0131 ile karbon ofsetleri ile bu meseleyi \u00e7\u00f6zmeye \u00e7al\u0131\u015f\u0131yor. bir karbon kredisinin kullan\u0131labilmesi i\u00e7in \u00f6nce emekli edilmesi gerekiyor. Bu sebeple kullan\u0131lan kredi &#8220;emekli edilen kredi&#8221;. AB enerji s\u00fcbvansiyonlar\u0131, ama\u00e7 ve sekt\u00f6re g\u00f6re Shell rafineri marj\u0131 d\u00fc\u015ferken, kimsayal marj\u0131 sa\u011flam Avrupa &hellip; <a href=\"https:\/\/barissanli.com\/eak\/2025\/01\/30-ocak-2025\/\" class=\"more-link\">Continue reading <span class=\"screen-reader-text\">30 Ocak 2025<\/span><\/a><\/p>\n","protected":false},"author":1,"featured_media":0,"comment_status":"closed","ping_status":"closed","sticky":false,"template":"","format":"standard","meta":{"footnotes":""},"categories":[1],"tags":[],"_links":{"self":[{"href":"https:\/\/barissanli.com\/eak\/wp-json\/wp\/v2\/posts\/6385"}],"collection":[{"href":"https:\/\/barissanli.com\/eak\/wp-json\/wp\/v2\/posts"}],"about":[{"href":"https:\/\/barissanli.com\/eak\/wp-json\/wp\/v2\/types\/post"}],"author":[{"embeddable":true,"href":"https:\/\/barissanli.com\/eak\/wp-json\/wp\/v2\/users\/1"}],"replies":[{"embeddable":true,"href":"https:\/\/barissanli.com\/eak\/wp-json\/wp\/v2\/comments?post=6385"}],"version-history":[{"count":5,"href":"https:\/\/barissanli.com\/eak\/wp-json\/wp\/v2\/posts\/6385\/revisions"}],"predecessor-version":[{"id":6393,"href":"https:\/\/barissanli.com\/eak\/wp-json\/wp\/v2\/posts\/6385\/revisions\/6393"}],"wp:attachment":[{"href":"https:\/\/barissanli.com\/eak\/wp-json\/wp\/v2\/media?parent=6385"}],"wp:term":[{"taxonomy":"category","embeddable":true,"href":"https:\/\/barissanli.com\/eak\/wp-json\/wp\/v2\/categories?post=6385"},{"taxonomy":"post_tag","embeddable":true,"href":"https:\/\/barissanli.com\/eak\/wp-json\/wp\/v2\/tags?post=6385"}],"curies":[{"name":"wp","href":"https:\/\/api.w.org\/{rel}","templated":true}]}}