{"id":5888,"date":"2024-11-18T07:19:10","date_gmt":"2024-11-18T07:19:10","guid":{"rendered":"https:\/\/barissanli.com\/eak\/?p=5888"},"modified":"2024-11-18T14:01:55","modified_gmt":"2024-11-18T14:01:55","slug":"18-kasim-2024","status":"publish","type":"post","link":"https:\/\/barissanli.com\/eak\/2024\/11\/18-kasim-2024\/","title":{"rendered":"18 Kas\u0131m 2024"},"content":{"rendered":"\n<p>\u00c7in k\u00f6m\u00fcr talebi y\u0131ldan y\u0131la %2 artm\u0131\u015f. <a href=\"https:\/\/x.com\/barissanli\/status\/1858362759223669201\">\u00dc\u00e7 ge\u00e7it baraj\u0131ndaki<\/a> su seviyesi pek iyi de\u011fil<\/p>\n\n\n\n<figure class=\"wp-block-image size-full\"><img loading=\"lazy\" decoding=\"async\" width=\"680\" height=\"419\" src=\"https:\/\/barissanli.com\/eak\/wp-content\/uploads\/2024\/11\/image-8.png\" alt=\"\" class=\"wp-image-5889\" srcset=\"https:\/\/barissanli.com\/eak\/wp-content\/uploads\/2024\/11\/image-8.png 680w, https:\/\/barissanli.com\/eak\/wp-content\/uploads\/2024\/11\/image-8-300x185.png 300w\" sizes=\"(max-width: 680px) 100vw, 680px\" \/><\/figure>\n\n\n\n<p><a href=\"https:\/\/x.com\/thierry_bros\/status\/1858387542241890665\">AB gaz stoklar\u0131 <\/a>h\u0131zl\u0131 d\u00fc\u015f\u00fc\u015fte<\/p>\n\n\n\n<figure class=\"wp-block-image size-full\"><img loading=\"lazy\" decoding=\"async\" width=\"680\" height=\"415\" src=\"https:\/\/barissanli.com\/eak\/wp-content\/uploads\/2024\/11\/image-9.png\" alt=\"\" class=\"wp-image-5890\" srcset=\"https:\/\/barissanli.com\/eak\/wp-content\/uploads\/2024\/11\/image-9.png 680w, https:\/\/barissanli.com\/eak\/wp-content\/uploads\/2024\/11\/image-9-300x183.png 300w\" sizes=\"(max-width: 680px) 100vw, 680px\" \/><\/figure>\n\n\n\n<p>TTF&#8217;de <a href=\"https:\/\/www.linkedin.com\/posts\/matthias-apel-363727214_energymarket-gasmarket-ttf-activity-7262840709513109506-M8BI?utm_source=share&amp;utm_medium=member_desktop\">spek\u00fclatif<\/a> pozisyonlar 2.1 TWh, ama ticariler 35 TWh artm\u0131\u015f. <\/p>\n\n\n\n<figure class=\"wp-block-image size-full\"><img loading=\"lazy\" decoding=\"async\" width=\"800\" height=\"418\" src=\"https:\/\/barissanli.com\/eak\/wp-content\/uploads\/2024\/11\/image-10.png\" alt=\"\" class=\"wp-image-5891\" srcset=\"https:\/\/barissanli.com\/eak\/wp-content\/uploads\/2024\/11\/image-10.png 800w, https:\/\/barissanli.com\/eak\/wp-content\/uploads\/2024\/11\/image-10-300x157.png 300w, https:\/\/barissanli.com\/eak\/wp-content\/uploads\/2024\/11\/image-10-768x401.png 768w\" sizes=\"(max-width: 800px) 100vw, 800px\" \/><\/figure>\n\n\n\n<p>Almanya&#8217;da Maliye Bakan\u0131n\u0131n gidi\u015findeki <a href=\"https:\/\/www.dw.com\/en\/german-coalition-government-collapse-olaf-scholz-demands-for-economic-growth-v2\/a-70729251\">ana sebep: &#8220;Almanya i\u00e7in ekonomik ge\u00e7i\u015f &#8211; b\u00fcy\u00fcme ve nesiller aras\u0131 adalet i\u00e7in ekonomik kavramlar&#8221;<\/a> isimli 18 sayfal\u0131k bir d\u00f6k\u00fcman\u0131n s\u0131zmas\u0131. D\u00f6k\u00fcmanda iklim hedeflerinin 2050&#8217;ye itilmesi, iklim fonunun kald\u0131r\u0131lmas\u0131, <a href=\"https:\/\/www.cleanenergywire.org\/news\/finance-ministers-leaked-paper-drives-german-coalition-brink-budget-deadline-looms\">enerji verimlili\u011fi d\u00fczenlemelerinin geri \u00e7ekilmesi gibi Avrupa seviyesinde<\/a> de \u00f6neriler var. <a href=\"https:\/\/www.cleanenergywire.org\/news\/finance-ministers-leaked-paper-drives-german-coalition-brink-budget-deadline-looms\">Dahas\u0131<\/a> : &#8220;Maliye bakan\u0131 ayr\u0131ca \u015firketler i\u00e7in AB \u00e7ap\u0131nda emisyon raporlama d\u00fczenlemelerinin kald\u0131r\u0131lmas\u0131 \u00e7a\u011fr\u0131s\u0131nda bulundu ve &#8220;AB taksonomisini, AB Kurumsal S\u00fcrd\u00fcr\u00fclebilirlik Raporlama Direktifi&#8217;ni, AB Kurumsal S\u00fcrd\u00fcr\u00fclebilirlik Durum Tespiti Direktifi&#8217;ni ve D\u00f6ng\u00fcsel Ekonomi Eylem Plan\u0131&#8217;n\u0131 kald\u0131rmay\u0131 ama\u00e7layan \u00fcye devlet ittifaklar\u0131 kurmak istiyor.&#8221;&#8221;. Belge de <a href=\"https:\/\/img.welt.de\/bin\/Lindner%20Papier.pdf_bn-254311174.pdf\">burada<\/a>. Muhalefet de destek vermi\u015f : &#8220;CDU muhalefet partisinin lideri Friedrich Merz, kendi partisinin pozisyonlar\u0131yla \u00f6nemli bir \u00f6rt\u00fc\u015fme oldu\u011funu savunarak Lindner&#8217;in gazetesini memnuniyetle kar\u015f\u0131lad\u0131. &#8220;Ayr\u0131nt\u0131lar hala tart\u0131\u015f\u0131labilir, ancak \u00f6neriler do\u011fru y\u00f6ne i\u015faret ediyor,&#8221;&#8221;<\/p>\n\n\n\n<p><a href=\"https:\/\/www.ft.com\/content\/5d5a4641-f066-4b4a-a596-00f5ff9f0e2d\">Avrupa plastik \u00fcretimi<\/a> %8.3 d\u00fc\u015ferken, d\u00fcnyadaki talep de %3.4 artm\u0131\u015f. \u00c7in 2023 y\u0131l\u0131ndaki petkem kapasite art\u0131\u015f\u0131n\u0131n %60&#8217;\u0131ndan sorumlu. Avrupa plastik sekt\u00f6r\u00fcn\u00fcn 2006&#8217;daki pay\u0131 %28 iken \u015fimdi %12<\/p>\n\n\n\n<p><a href=\"https:\/\/x.com\/janrosenow\/status\/1858448156297503032\/photo\/1\">Gaz-elektrik fark\u0131 <\/a>ve \u0131s\u0131 pompalar\u0131<\/p>\n\n\n\n<figure class=\"wp-block-image size-large\"><img loading=\"lazy\" decoding=\"async\" width=\"1024\" height=\"524\" src=\"https:\/\/barissanli.com\/eak\/wp-content\/uploads\/2024\/11\/image-11-1024x524.png\" alt=\"\" class=\"wp-image-5895\" srcset=\"https:\/\/barissanli.com\/eak\/wp-content\/uploads\/2024\/11\/image-11-1024x524.png 1024w, https:\/\/barissanli.com\/eak\/wp-content\/uploads\/2024\/11\/image-11-300x154.png 300w, https:\/\/barissanli.com\/eak\/wp-content\/uploads\/2024\/11\/image-11-768x393.png 768w, https:\/\/barissanli.com\/eak\/wp-content\/uploads\/2024\/11\/image-11.png 1200w\" sizes=\"(max-width: 1024px) 100vw, 1024px\" \/><\/figure>\n\n\n\n<p>\u00c7in&#8217;de 1 Ocak 2025&#8217;te devreye girecek<a href=\"https:\/\/x.com\/laurimyllyvirta\/status\/1858394781598015650\"> Enerji Kanunu<\/a> tart\u0131\u015fmalar\u0131.<\/p>\n\n\n\n<p><a href=\"https:\/\/www.ft.com\/content\/e2945a08-2b00-4a5d-bb2d-5fb173a1af8c\">\u0130ran<\/a> en ucuz benzin fiyatlar\u0131na sahip, ama 2 saati bulan kesintiler ve benzin yoklu\u011fu. 2022 s\u00fcbvansiyonlara 163 milyar $ \u00f6demi\u015f, GSY\u0130H&#8217;\u0131n %27si. G\u00fcnl\u00fck 20 milyon litre benzin a\u00e7\u0131\u011f\u0131 varm\u0131\u015f. Elektrikteki a\u00e7\u0131k 17000 MW. \u0130ran&#8217;\u0131n k\u0131\u015f\u0131n g\u00fcnl\u00fck gaz a\u00e7\u0131\u011f\u0131 260 milyon m3. <\/p>\n\n\n\n<figure class=\"wp-block-image size-full\"><img loading=\"lazy\" decoding=\"async\" width=\"743\" height=\"462\" src=\"https:\/\/barissanli.com\/eak\/wp-content\/uploads\/2024\/11\/Screenshot-2024-11-18-at-15.11.07.png\" alt=\"\" class=\"wp-image-5898\" srcset=\"https:\/\/barissanli.com\/eak\/wp-content\/uploads\/2024\/11\/Screenshot-2024-11-18-at-15.11.07.png 743w, https:\/\/barissanli.com\/eak\/wp-content\/uploads\/2024\/11\/Screenshot-2024-11-18-at-15.11.07-300x187.png 300w\" sizes=\"(max-width: 743px) 100vw, 743px\" \/><\/figure>\n\n\n\n<p><a href=\"https:\/\/x.com\/barissanli\/status\/1858491481553563922\">Almanya<\/a> ve ABD&#8217;deki fiyatlar<\/p>\n\n\n\n<figure class=\"wp-block-image size-full\"><img loading=\"lazy\" decoding=\"async\" width=\"680\" height=\"541\" src=\"https:\/\/barissanli.com\/eak\/wp-content\/uploads\/2024\/11\/image-13.png\" alt=\"\" class=\"wp-image-5901\" srcset=\"https:\/\/barissanli.com\/eak\/wp-content\/uploads\/2024\/11\/image-13.png 680w, https:\/\/barissanli.com\/eak\/wp-content\/uploads\/2024\/11\/image-13-300x239.png 300w\" sizes=\"(max-width: 680px) 100vw, 680px\" \/><\/figure>\n\n\n\n<p>ABD&#8217;de giderek artan <a href=\"https:\/\/x.com\/EIAgov\/status\/1858504367596331417\">altyap\u0131 yat\u0131r\u0131mlar\u0131<\/a><\/p>\n\n\n\n<figure class=\"wp-block-image size-full\"><img loading=\"lazy\" decoding=\"async\" width=\"680\" height=\"384\" src=\"https:\/\/barissanli.com\/eak\/wp-content\/uploads\/2024\/11\/image-14.png\" alt=\"\" class=\"wp-image-5904\" srcset=\"https:\/\/barissanli.com\/eak\/wp-content\/uploads\/2024\/11\/image-14.png 680w, https:\/\/barissanli.com\/eak\/wp-content\/uploads\/2024\/11\/image-14-300x169.png 300w\" sizes=\"(max-width: 680px) 100vw, 680px\" \/><\/figure>\n\n\n\n<p>ABD&#8217;de federal istihdam(<a href=\"https:\/\/www.wsj.com\/economy\/jobs\/2-3-million-jobs-the-federal-workforce-in-charts-6b490ad3?mod=djem10point&amp;utm_source=substack&amp;utm_medium=email\">WSJ<\/a>)<\/p>\n\n\n\n<figure class=\"wp-block-image size-large\"><img loading=\"lazy\" decoding=\"async\" width=\"778\" height=\"1024\" src=\"https:\/\/barissanli.com\/eak\/wp-content\/uploads\/2024\/11\/image-12-778x1024.png\" alt=\"\" class=\"wp-image-5900\" srcset=\"https:\/\/barissanli.com\/eak\/wp-content\/uploads\/2024\/11\/image-12-778x1024.png 778w, https:\/\/barissanli.com\/eak\/wp-content\/uploads\/2024\/11\/image-12-228x300.png 228w, https:\/\/barissanli.com\/eak\/wp-content\/uploads\/2024\/11\/image-12-768x1011.png 768w, https:\/\/barissanli.com\/eak\/wp-content\/uploads\/2024\/11\/image-12.png 798w\" sizes=\"(max-width: 778px) 100vw, 778px\" \/><\/figure>\n","protected":false},"excerpt":{"rendered":"<p>\u00c7in k\u00f6m\u00fcr talebi y\u0131ldan y\u0131la %2 artm\u0131\u015f. \u00dc\u00e7 ge\u00e7it baraj\u0131ndaki su seviyesi pek iyi de\u011fil AB gaz stoklar\u0131 h\u0131zl\u0131 d\u00fc\u015f\u00fc\u015fte TTF&#8217;de spek\u00fclatif pozisyonlar 2.1 TWh, ama ticariler 35 TWh artm\u0131\u015f. Almanya&#8217;da Maliye Bakan\u0131n\u0131n gidi\u015findeki ana sebep: &#8220;Almanya i\u00e7in ekonomik ge\u00e7i\u015f &#8211; b\u00fcy\u00fcme ve nesiller aras\u0131 adalet i\u00e7in ekonomik kavramlar&#8221; isimli 18 sayfal\u0131k bir d\u00f6k\u00fcman\u0131n s\u0131zmas\u0131. &hellip; <a href=\"https:\/\/barissanli.com\/eak\/2024\/11\/18-kasim-2024\/\" class=\"more-link\">Continue reading <span class=\"screen-reader-text\">18 Kas\u0131m 2024<\/span><\/a><\/p>\n","protected":false},"author":1,"featured_media":0,"comment_status":"closed","ping_status":"closed","sticky":false,"template":"","format":"standard","meta":{"footnotes":""},"categories":[1],"tags":[],"_links":{"self":[{"href":"https:\/\/barissanli.com\/eak\/wp-json\/wp\/v2\/posts\/5888"}],"collection":[{"href":"https:\/\/barissanli.com\/eak\/wp-json\/wp\/v2\/posts"}],"about":[{"href":"https:\/\/barissanli.com\/eak\/wp-json\/wp\/v2\/types\/post"}],"author":[{"embeddable":true,"href":"https:\/\/barissanli.com\/eak\/wp-json\/wp\/v2\/users\/1"}],"replies":[{"embeddable":true,"href":"https:\/\/barissanli.com\/eak\/wp-json\/wp\/v2\/comments?post=5888"}],"version-history":[{"count":9,"href":"https:\/\/barissanli.com\/eak\/wp-json\/wp\/v2\/posts\/5888\/revisions"}],"predecessor-version":[{"id":5905,"href":"https:\/\/barissanli.com\/eak\/wp-json\/wp\/v2\/posts\/5888\/revisions\/5905"}],"wp:attachment":[{"href":"https:\/\/barissanli.com\/eak\/wp-json\/wp\/v2\/media?parent=5888"}],"wp:term":[{"taxonomy":"category","embeddable":true,"href":"https:\/\/barissanli.com\/eak\/wp-json\/wp\/v2\/categories?post=5888"},{"taxonomy":"post_tag","embeddable":true,"href":"https:\/\/barissanli.com\/eak\/wp-json\/wp\/v2\/tags?post=5888"}],"curies":[{"name":"wp","href":"https:\/\/api.w.org\/{rel}","templated":true}]}}