{"id":5520,"date":"2024-10-14T05:43:24","date_gmt":"2024-10-14T05:43:24","guid":{"rendered":"https:\/\/barissanli.com\/eak\/?p=5520"},"modified":"2024-10-14T11:54:35","modified_gmt":"2024-10-14T11:54:35","slug":"14-ekim-2024","status":"publish","type":"post","link":"https:\/\/barissanli.com\/eak\/2024\/10\/14-ekim-2024\/","title":{"rendered":"14 Ekim 2024"},"content":{"rendered":"\n<p>ABD g\u00fcnl\u00fck gazdan elektrik \u00fcretimi (Energy Tidbits &#8211; 13 Ekim)<\/p>\n\n\n\n<figure class=\"wp-block-image size-large\"><img loading=\"lazy\" decoding=\"async\" width=\"1024\" height=\"583\" src=\"https:\/\/barissanli.com\/eak\/wp-content\/uploads\/2024\/10\/image-21-1024x583.png\" alt=\"\" class=\"wp-image-5521\" srcset=\"https:\/\/barissanli.com\/eak\/wp-content\/uploads\/2024\/10\/image-21-1024x583.png 1024w, https:\/\/barissanli.com\/eak\/wp-content\/uploads\/2024\/10\/image-21-300x171.png 300w, https:\/\/barissanli.com\/eak\/wp-content\/uploads\/2024\/10\/image-21-768x438.png 768w, https:\/\/barissanli.com\/eak\/wp-content\/uploads\/2024\/10\/image-21.png 1227w\" sizes=\"(max-width: 1024px) 100vw, 1024px\" \/><\/figure>\n\n\n\n<p>Veri merkezi elektrik talebi sebebiyle elektrik ve gaz talebi artacak<\/p>\n\n\n\n<figure class=\"wp-block-image size-large\"><img loading=\"lazy\" decoding=\"async\" width=\"1024\" height=\"914\" src=\"https:\/\/barissanli.com\/eak\/wp-content\/uploads\/2024\/10\/image-23-1024x914.png\" alt=\"\" class=\"wp-image-5525\" srcset=\"https:\/\/barissanli.com\/eak\/wp-content\/uploads\/2024\/10\/image-23-1024x914.png 1024w, https:\/\/barissanli.com\/eak\/wp-content\/uploads\/2024\/10\/image-23-300x268.png 300w, https:\/\/barissanli.com\/eak\/wp-content\/uploads\/2024\/10\/image-23-768x686.png 768w, https:\/\/barissanli.com\/eak\/wp-content\/uploads\/2024\/10\/image-23.png 1524w\" sizes=\"(max-width: 1024px) 100vw, 1024px\" \/><\/figure>\n\n\n\n<p>VW&#8217;nin araba sat\u0131\u015flar\u0131 %7.1, elektrikli araba sat\u0131\u015flar\u0131 %9.8 d\u00fc\u015fm\u00fc\u015f. Avrupa elektrik sat\u0131\u015flar\u0131 da d\u00fc\u015f\u00fcyor<\/p>\n\n\n\n<figure class=\"wp-block-image size-large\"><img loading=\"lazy\" decoding=\"async\" width=\"1024\" height=\"471\" src=\"https:\/\/barissanli.com\/eak\/wp-content\/uploads\/2024\/10\/image-24-1024x471.png\" alt=\"\" class=\"wp-image-5527\" srcset=\"https:\/\/barissanli.com\/eak\/wp-content\/uploads\/2024\/10\/image-24-1024x471.png 1024w, https:\/\/barissanli.com\/eak\/wp-content\/uploads\/2024\/10\/image-24-300x138.png 300w, https:\/\/barissanli.com\/eak\/wp-content\/uploads\/2024\/10\/image-24-768x353.png 768w, https:\/\/barissanli.com\/eak\/wp-content\/uploads\/2024\/10\/image-24.png 1360w\" sizes=\"(max-width: 1024px) 100vw, 1024px\" \/><\/figure>\n\n\n\n<p>Ortado\u011fu&#8217;daki gaz dengesi (Greg Molnar)<\/p>\n\n\n\n<figure class=\"wp-block-image size-large\"><img loading=\"lazy\" decoding=\"async\" width=\"1024\" height=\"429\" src=\"https:\/\/barissanli.com\/eak\/wp-content\/uploads\/2024\/10\/IMG_0914-1024x429.jpeg\" alt=\"\" class=\"wp-image-5529\" srcset=\"https:\/\/barissanli.com\/eak\/wp-content\/uploads\/2024\/10\/IMG_0914-1024x429.jpeg 1024w, https:\/\/barissanli.com\/eak\/wp-content\/uploads\/2024\/10\/IMG_0914-300x126.jpeg 300w, https:\/\/barissanli.com\/eak\/wp-content\/uploads\/2024\/10\/IMG_0914-768x322.jpeg 768w, https:\/\/barissanli.com\/eak\/wp-content\/uploads\/2024\/10\/IMG_0914.jpeg 1440w\" sizes=\"(max-width: 1024px) 100vw, 1024px\" \/><\/figure>\n\n\n\n<p>R\u00fczgar-g\u00fcne\u015f artt\u0131k\u00e7a <a href=\"https:\/\/gemenergyanalytics.substack.com\">de\u011feri<\/a> ne oluyor? <\/p>\n\n\n\n<figure class=\"wp-block-image size-full\"><img loading=\"lazy\" decoding=\"async\" width=\"800\" height=\"448\" src=\"https:\/\/barissanli.com\/eak\/wp-content\/uploads\/2024\/10\/JPEG-image-20.jpeg\" alt=\"\" class=\"wp-image-5531\" srcset=\"https:\/\/barissanli.com\/eak\/wp-content\/uploads\/2024\/10\/JPEG-image-20.jpeg 800w, https:\/\/barissanli.com\/eak\/wp-content\/uploads\/2024\/10\/JPEG-image-20-300x168.jpeg 300w, https:\/\/barissanli.com\/eak\/wp-content\/uploads\/2024\/10\/JPEG-image-20-768x430.jpeg 768w\" sizes=\"(max-width: 800px) 100vw, 800px\" \/><\/figure>\n\n\n\n<p>\u00c7in&#8217;de <a href=\"https:\/\/www.ft.com\/content\/301f0161-e9a2-4b3b-bfdc-d838e765aceb\">LNG ve dizel piyasa fiyatlar\u0131<\/a>. Bu sene \u00c7in dizel talebi %4 d\u00fc\u015febilir. 2024&#8217;te LNG kamyonlar 9.2 mton dizel talebini ikame edebilir, yani %4&#8217;\u00fcn\u00fc. \u00c7in&#8217;in do\u011falgazda d\u0131\u015fa ba\u011f\u0131ml\u0131l\u0131\u011f\u0131 %40. \u00c7in dizel talebi bir \u00f6nceki y\u0131la g\u00f6re %6 d\u00fc\u015ferek 3.5 mv\/g&#8217;e geriledi.<\/p>\n\n\n\n<figure class=\"wp-block-image size-large\"><img loading=\"lazy\" decoding=\"async\" width=\"789\" height=\"1024\" src=\"https:\/\/barissanli.com\/eak\/wp-content\/uploads\/2024\/10\/JPEG-image-21-789x1024.jpeg\" alt=\"\" class=\"wp-image-5533\" srcset=\"https:\/\/barissanli.com\/eak\/wp-content\/uploads\/2024\/10\/JPEG-image-21-789x1024.jpeg 789w, https:\/\/barissanli.com\/eak\/wp-content\/uploads\/2024\/10\/JPEG-image-21-231x300.jpeg 231w, https:\/\/barissanli.com\/eak\/wp-content\/uploads\/2024\/10\/JPEG-image-21-768x996.jpeg 768w, https:\/\/barissanli.com\/eak\/wp-content\/uploads\/2024\/10\/JPEG-image-21.jpeg 925w\" sizes=\"(max-width: 789px) 100vw, 789px\" \/><\/figure>\n\n\n\n<figure class=\"wp-block-image size-full\"><img loading=\"lazy\" decoding=\"async\" width=\"1400\" height=\"1000\" src=\"https:\/\/barissanli.com\/eak\/wp-content\/uploads\/2024\/10\/AV1-Image-File-Format-1.avif\" alt=\"\" class=\"wp-image-5535\"\/><\/figure>\n\n\n\n<p>\u00c7in do\u011falgaz tedari\u011fi<\/p>\n\n\n\n<figure class=\"wp-block-image size-full\"><img loading=\"lazy\" decoding=\"async\" width=\"1400\" height=\"1000\" src=\"https:\/\/barissanli.com\/eak\/wp-content\/uploads\/2024\/10\/AV1-Image-File-Format-2.avif\" alt=\"\" class=\"wp-image-5537\"\/><\/figure>\n","protected":false},"excerpt":{"rendered":"<p>ABD g\u00fcnl\u00fck gazdan elektrik \u00fcretimi (Energy Tidbits &#8211; 13 Ekim) Veri merkezi elektrik talebi sebebiyle elektrik ve gaz talebi artacak VW&#8217;nin araba sat\u0131\u015flar\u0131 %7.1, elektrikli araba sat\u0131\u015flar\u0131 %9.8 d\u00fc\u015fm\u00fc\u015f. Avrupa elektrik sat\u0131\u015flar\u0131 da d\u00fc\u015f\u00fcyor Ortado\u011fu&#8217;daki gaz dengesi (Greg Molnar) R\u00fczgar-g\u00fcne\u015f artt\u0131k\u00e7a de\u011feri ne oluyor? \u00c7in&#8217;de LNG ve dizel piyasa fiyatlar\u0131. Bu sene \u00c7in dizel talebi &hellip; <a href=\"https:\/\/barissanli.com\/eak\/2024\/10\/14-ekim-2024\/\" class=\"more-link\">Continue reading <span class=\"screen-reader-text\">14 Ekim 2024<\/span><\/a><\/p>\n","protected":false},"author":1,"featured_media":0,"comment_status":"closed","ping_status":"closed","sticky":false,"template":"","format":"standard","meta":{"footnotes":""},"categories":[1],"tags":[],"_links":{"self":[{"href":"https:\/\/barissanli.com\/eak\/wp-json\/wp\/v2\/posts\/5520"}],"collection":[{"href":"https:\/\/barissanli.com\/eak\/wp-json\/wp\/v2\/posts"}],"about":[{"href":"https:\/\/barissanli.com\/eak\/wp-json\/wp\/v2\/types\/post"}],"author":[{"embeddable":true,"href":"https:\/\/barissanli.com\/eak\/wp-json\/wp\/v2\/users\/1"}],"replies":[{"embeddable":true,"href":"https:\/\/barissanli.com\/eak\/wp-json\/wp\/v2\/comments?post=5520"}],"version-history":[{"count":10,"href":"https:\/\/barissanli.com\/eak\/wp-json\/wp\/v2\/posts\/5520\/revisions"}],"predecessor-version":[{"id":5539,"href":"https:\/\/barissanli.com\/eak\/wp-json\/wp\/v2\/posts\/5520\/revisions\/5539"}],"wp:attachment":[{"href":"https:\/\/barissanli.com\/eak\/wp-json\/wp\/v2\/media?parent=5520"}],"wp:term":[{"taxonomy":"category","embeddable":true,"href":"https:\/\/barissanli.com\/eak\/wp-json\/wp\/v2\/categories?post=5520"},{"taxonomy":"post_tag","embeddable":true,"href":"https:\/\/barissanli.com\/eak\/wp-json\/wp\/v2\/tags?post=5520"}],"curies":[{"name":"wp","href":"https:\/\/api.w.org\/{rel}","templated":true}]}}