{"id":3499,"date":"2023-01-16T10:19:27","date_gmt":"2023-01-16T10:19:27","guid":{"rendered":"http:\/\/barissanli.com\/eak\/?p=3499"},"modified":"2023-01-16T18:24:40","modified_gmt":"2023-01-16T18:24:40","slug":"16-ocak-2023-avrupada-sanayinin-gaz-talebi","status":"publish","type":"post","link":"https:\/\/barissanli.com\/eak\/2023\/01\/16-ocak-2023-avrupada-sanayinin-gaz-talebi\/","title":{"rendered":"16 Ocak 2023 &#8211; Avrupa&#8217;da Sanayi&#8217;nin Gaz Talebi"},"content":{"rendered":"\n<figure class=\"wp-block-image size-large\"><img loading=\"lazy\" decoding=\"async\" width=\"1024\" height=\"461\" src=\"https:\/\/barissanli.com\/eak\/wp-content\/uploads\/2023\/01\/1673860425831-1024x461.jpg\" alt=\"\" class=\"wp-image-3500\" srcset=\"https:\/\/barissanli.com\/eak\/wp-content\/uploads\/2023\/01\/1673860425831-1024x461.jpg 1024w, https:\/\/barissanli.com\/eak\/wp-content\/uploads\/2023\/01\/1673860425831-300x135.jpg 300w, https:\/\/barissanli.com\/eak\/wp-content\/uploads\/2023\/01\/1673860425831-768x346.jpg 768w, https:\/\/barissanli.com\/eak\/wp-content\/uploads\/2023\/01\/1673860425831-1536x691.jpg 1536w, https:\/\/barissanli.com\/eak\/wp-content\/uploads\/2023\/01\/1673860425831.jpg 2000w\" sizes=\"(max-width: 1024px) 100vw, 1024px\" \/><\/figure>\n\n\n\n<p>Avrupa gaz talebinde, son 5 y\u0131la g\u00f6re 2022&#8217;de %20 sanayi taraf\u0131nda d\u00fc\u015f\u00fc\u015f var. Sadece Q4&#8217;te d\u00fc\u015f\u00fc\u015f %30. Bu da g\u00fcnl\u00fck 100 mcm&#8217;lik bir d\u00fc\u015f\u00fc\u015f demek. (<a href=\"https:\/\/www.linkedin.com\/posts\/yakov-grabar-87a70547_energy-commodities-trading-activity-7020679483443552256-rBX3?utm_source=share&amp;utm_medium=member_desktop\">Ref<\/a>)<\/p>\n\n\n\n<p>Peki petrol fiyatlar\u0131 y\u00fcksek mi? (<a href=\"https:\/\/twitter.com\/Josh_Young_1\/status\/1614741589284225025\/photo\/1\">Ref<\/a>) Artan enflasyondan dolay\u0131 petrol fiyatlar\u0131n\u0131n d\u00fc\u015f\u00fc\u015fe ge\u00e7ti\u011fini g\u00f6steren bir grafik:<\/p>\n\n\n\n<figure class=\"wp-block-image size-large\"><img decoding=\"async\" src=\"https:\/\/pbs.twimg.com\/media\/Fmi26yYXoAAaaFd?format=jpg&amp;name=large\" alt=\"\"\/><figcaption class=\"wp-element-caption\">Enflasyon d\u00fczeltmeli petrol fiyat\u0131<\/figcaption><\/figure>\n\n\n\n<p>Avrupa&#8217;da k\u00f6m\u00fcr t\u00fcketimi artarken, gaz fiyat\u0131 ve karbon fiyat\u0131 da d\u00fc\u015f\u00fcyor. (<a href=\"https:\/\/twitter.com\/YanQinyq\/status\/1614919732284755968\/photo\/1\">Ref<\/a>)<\/p>\n\n\n\n<figure class=\"wp-block-image size-large\"><img decoding=\"async\" src=\"https:\/\/pbs.twimg.com\/media\/FmlYgTIXwAEJoUb?format=jpg&amp;name=large\" alt=\"\"\/><\/figure>\n\n\n\n<p><\/p>\n\n\n\n<p>Bir di\u011fer konu ise ARA b\u00f6lgesindeki \u0131rmaklar\u0131n derinli\u011fi ile dizel talebi aras\u0131ndaki ilgin\u00e7 ili\u015fki. Bu k\u00f6m\u00fcr ta\u015f\u0131mac\u0131l\u0131\u011f\u0131n\u0131, n\u00fckleer santral \u00e7al\u0131\u015fmas\u0131n\u0131 da etkiliyor. 2022&#8217;te her nekadar A\u011fustos aylar\u0131nda d\u00fc\u015f\u00fc\u015f olsa da, as\u0131l dip seviye Kas\u0131m-Aral\u0131k&#8217;ta oluyormu\u015f. (Ref: <a href=\"https:\/\/twitter.com\/OilXs\/status\/1614923206292275200\/photo\/1\">OilX<\/a>)<\/p>\n\n\n\n<figure class=\"wp-block-image size-large\"><img decoding=\"async\" src=\"https:\/\/pbs.twimg.com\/media\/FmlcGSzXEAA9rRY?format=png&amp;name=small\" alt=\"\"\/><\/figure>\n\n\n\n<p><\/p>\n\n\n\n<p>\u00c7in&#8217;de Bahar Festivali \u00f6ncesi, 2021&#8217;e g\u00f6re i\u00e7 u\u00e7u\u015flarda %57 art\u0131\u015f ba\u015flad\u0131. 2019&#8217;un %80 seviyesinde. (<a href=\"https:\/\/twitter.com\/Sino_Market\/status\/1614900762768969729\/photo\/1\">Ref<\/a>)<\/p>\n\n\n\n<figure class=\"wp-block-image size-large\"><img decoding=\"async\" src=\"https:\/\/pbs.twimg.com\/media\/FmlGr2faEAEUpCx?format=jpg&amp;name=medium\" alt=\"\"\/><figcaption class=\"wp-element-caption\">\u00c7in&#8217;de artan u\u00e7u\u015flar<\/figcaption><\/figure>\n\n\n\n<p>Almanya&#8217;n\u0131n enerji maliyetlerini kontrol alt\u0131nda tutmak i\u00e7in <a href=\"https:\/\/www.montelnews.com\/news\/1402720\/germany-eyes-scheme-to-curb-industrial-power-prices\">sanayi fiyatlar\u0131 ile a\u00e7\u0131k deniz r\u00fczgardan elektrik \u00fcretim maliyetlerini ba\u011flamaya <\/a>\u00e7al\u0131\u015fmas\u0131 ilgin\u00e7. Almanya&#8217;n\u0131n gelecek sene i\u00e7in elektrik fiyatlar\u0131 toptan da 195\u20ac\/MWh. Daha \u00f6nce bu rakam 1050\u20ac\/MWh&#8217;a kadar \u00e7\u0131km\u0131\u015ft\u0131. 2019&#8217;da devreye giren projeler 70-120 \u20ac\/MWh fiyat g\u00f6rm\u00fc\u015f. (Adelphi). 2025&#8217;te 50-70\u20ac\/MWh&#8217;a d\u00fc\u015fecekmi\u015f<\/p>\n\n\n\n<figure class=\"wp-block-image size-large\"><img loading=\"lazy\" decoding=\"async\" width=\"1024\" height=\"663\" src=\"https:\/\/barissanli.com\/eak\/wp-content\/uploads\/2023\/01\/Screenshot-2023-01-16-at-15.19.16-1024x663.png\" alt=\"\" class=\"wp-image-3509\" srcset=\"https:\/\/barissanli.com\/eak\/wp-content\/uploads\/2023\/01\/Screenshot-2023-01-16-at-15.19.16-1024x663.png 1024w, https:\/\/barissanli.com\/eak\/wp-content\/uploads\/2023\/01\/Screenshot-2023-01-16-at-15.19.16-300x194.png 300w, https:\/\/barissanli.com\/eak\/wp-content\/uploads\/2023\/01\/Screenshot-2023-01-16-at-15.19.16-768x497.png 768w, https:\/\/barissanli.com\/eak\/wp-content\/uploads\/2023\/01\/Screenshot-2023-01-16-at-15.19.16-1536x995.png 1536w, https:\/\/barissanli.com\/eak\/wp-content\/uploads\/2023\/01\/Screenshot-2023-01-16-at-15.19.16-2048x1326.png 2048w\" sizes=\"(max-width: 1024px) 100vw, 1024px\" \/><figcaption class=\"wp-element-caption\">Avrupa gaz stok seviyeleri (<a href=\"https:\/\/public.tableau.com\/app\/profile\/ron.h8870\/viz\/Energies-EuropeNGStorage\/Continuous\">REF<\/a>)<\/figcaption><\/figure>\n\n\n\n<p>JP Morgan&#8217;\u0131n 2023 tahminleri: <\/p>\n\n\n\n<figure class=\"wp-block-image size-large\"><img loading=\"lazy\" decoding=\"async\" width=\"1024\" height=\"404\" src=\"https:\/\/barissanli.com\/eak\/wp-content\/uploads\/2023\/01\/Screenshot-2023-01-16-at-17.09.23-1024x404.png\" alt=\"\" class=\"wp-image-3529\" srcset=\"https:\/\/barissanli.com\/eak\/wp-content\/uploads\/2023\/01\/Screenshot-2023-01-16-at-17.09.23-1024x404.png 1024w, https:\/\/barissanli.com\/eak\/wp-content\/uploads\/2023\/01\/Screenshot-2023-01-16-at-17.09.23-300x118.png 300w, https:\/\/barissanli.com\/eak\/wp-content\/uploads\/2023\/01\/Screenshot-2023-01-16-at-17.09.23-768x303.png 768w, https:\/\/barissanli.com\/eak\/wp-content\/uploads\/2023\/01\/Screenshot-2023-01-16-at-17.09.23.png 1090w\" sizes=\"(max-width: 1024px) 100vw, 1024px\" \/><\/figure>\n\n\n\n<p><\/p>\n\n\n\n<p><strong>Video : 3 Faz elektri\u011fin tarihi<\/strong><\/p>\n\n\n\n<p>Bu <a href=\"https:\/\/www.youtube.com\/watch?v=NEkegQanD2I\">videoda<\/a> ismini pek bilmedi\u011fimiz Mikhail Dolivo-Dobrovolsky&#8217;nin maceras\u0131n\u0131 da izleyebilirsiniz. \u00dc\u00e7 faz asl\u0131nda AC motor geli\u015ftirilmesinin sonucu. Matematik bir temeli de var.Bir tarafta 6 kablo, bir tarafta 3 kablo<\/p>\n\n\n\n<figure class=\"wp-block-image size-large\"><img loading=\"lazy\" decoding=\"async\" width=\"1024\" height=\"465\" src=\"https:\/\/barissanli.com\/eak\/wp-content\/uploads\/2023\/01\/Screenshot-2023-01-16-at-11.52.32-1024x465.png\" alt=\"\" class=\"wp-image-3505\" srcset=\"https:\/\/barissanli.com\/eak\/wp-content\/uploads\/2023\/01\/Screenshot-2023-01-16-at-11.52.32-1024x465.png 1024w, https:\/\/barissanli.com\/eak\/wp-content\/uploads\/2023\/01\/Screenshot-2023-01-16-at-11.52.32-300x136.png 300w, https:\/\/barissanli.com\/eak\/wp-content\/uploads\/2023\/01\/Screenshot-2023-01-16-at-11.52.32-768x349.png 768w, https:\/\/barissanli.com\/eak\/wp-content\/uploads\/2023\/01\/Screenshot-2023-01-16-at-11.52.32-1536x698.png 1536w, https:\/\/barissanli.com\/eak\/wp-content\/uploads\/2023\/01\/Screenshot-2023-01-16-at-11.52.32.png 1760w\" sizes=\"(max-width: 1024px) 100vw, 1024px\" \/><\/figure>\n\n\n\n<p><\/p>\n\n\n\n<p><strong>Financial Times&#8217;dan<\/strong><\/p>\n\n\n\n<p>Katar&#8217;\u0131n COP28 ba\u015fkan\u0131<a href=\"https:\/\/www.ft.com\/content\/10e114ed-c426-45f7-8548-d9e0540811ff\"> Sultan al-Jaber,<\/a> yenilenebilir kurulu g\u00fcc\u00fcn\u00fcn 2030&#8217;da 2021&#8217;in 3 misline \u00e7\u0131kar\u0131lmas\u0131n\u0131 istedi. IEA&#8217;e g\u00f6re net s\u0131f\u0131r i\u00e7in 4 misli daha fazla eklemek gerekiyor. <\/p>\n\n\n\n<p>Almanya&#8217;da RWE&#8217;n\u00fcn k\u00f6m\u00fcr madeni<a href=\"https:\/\/www.cleanenergywire.org\/news\/coal-protest-germany-deepens-rift-between-green-party-and-climate-movement?pk_campaign=daily_newsletter_2023-01-16&amp;pk_keyword=coal-protest-germany-deepens-rift-between-green-party-and-climate-movement\"> geni\u015fletmesinde L\u00fctzerath kasabas\u0131n\u0131n<\/a> y\u0131k\u0131lmas\u0131 Ye\u015filler ve gen\u00e7ler aras\u0131nda ayr\u0131ma yol a\u00e7\u0131yor.<\/p>\n\n\n\n<p>ABD&#8217;de, HDD &#8211; heating degree days, yani \u0131s\u0131tma derece fark\u0131 ile g\u00fcn say\u0131s\u0131 \u00e7arp\u0131m\u0131 Ocak&#8217;ta ge\u00e7en y\u0131llara g\u00f6re %25 daha d\u00fc\u015f\u00fckm\u00fc\u015f. ABD<a href=\"https:\/\/www.ft.com\/content\/8a5c1860-1d77-43ae-b1e5-148f72367f7d\"> gaz talebi rekor d\u00fc\u015f\u00fck <\/a>seviyeleri g\u00f6rebilir. Gaz \u00fcreticilerinin ise bu ay 101 bcf (3 milyar m3\/g\u00fcn) rekor y\u00fcksek gaz \u00fcretmesi bekleniyor. S\u0131cakl\u0131klar\u0131n Mart&#8217;a kadar s\u0131cak kalmas\u0131 bekleniyor.<\/p>\n\n\n\n<figure class=\"wp-block-image size-large\"><img loading=\"lazy\" decoding=\"async\" width=\"1024\" height=\"713\" src=\"https:\/\/barissanli.com\/eak\/wp-content\/uploads\/2023\/01\/Screenshot-2023-01-16-at-15.52.01-1024x713.png\" alt=\"\" class=\"wp-image-3512\" srcset=\"https:\/\/barissanli.com\/eak\/wp-content\/uploads\/2023\/01\/Screenshot-2023-01-16-at-15.52.01-1024x713.png 1024w, https:\/\/barissanli.com\/eak\/wp-content\/uploads\/2023\/01\/Screenshot-2023-01-16-at-15.52.01-300x209.png 300w, https:\/\/barissanli.com\/eak\/wp-content\/uploads\/2023\/01\/Screenshot-2023-01-16-at-15.52.01-768x535.png 768w, https:\/\/barissanli.com\/eak\/wp-content\/uploads\/2023\/01\/Screenshot-2023-01-16-at-15.52.01.png 1140w\" sizes=\"(max-width: 1024px) 100vw, 1024px\" \/><\/figure>\n\n\n\n<p><\/p>\n\n\n\n<p>G\u00fcney Kore, Almanya&#8217;ya benzer. <a href=\"https:\/\/www.ft.com\/content\/2b7367b9-fc33-4ca1-81d5-25e96e694903\">Kore&#8217;nin elektrik \u015firketi Kepco,<\/a> son 40 y\u0131l\u0131n en y\u00fcksek fiyat art\u0131\u015f\u0131n\u0131 yapt\u0131. Ge\u00e7en sene piyasalardan 17 milyar$ bor\u00e7lanm\u0131\u015ft\u0131. 2022 zarar 24 milyar $ (30 trilyon won). 2021 zarar\u0131&#8217;da 4.8 milyar $. Tarife art\u0131\u015f\u0131 %9.5. Yaz\u0131da Kepco&#8217;nun sistemik risk olup olmad\u0131\u011f\u0131 da tart\u0131\u015f\u0131lm\u0131\u015f. Hala maliyetlerin alt\u0131nda sat\u0131\u015f yap\u0131yormu\u015f. Bor\u00e7 tavan\u0131 da \u00f6zsermayenin 6 kat\u0131na \u00e7\u0131kar\u0131lm\u0131\u015f.<\/p>\n\n\n\n<p><a href=\"https:\/\/www.ft.com\/content\/9db8d185-e0df-4fbf-9b91-b781a0e5182a\">Aviva<\/a>, 2030 y\u0131l\u0131nda Avrupa&#8217;daki a\u00e7\u0131k deniz r\u00fczgar sigortas\u0131 hacmini 2-3 milyar $ olarak hesapl\u0131yor. <\/p>\n\n\n\n<p><a href=\"https:\/\/www.ft.com\/content\/ea48a356-9e8d-4dfe-b3f1-10ee5b7fd9a4\">Avrupa&#8217;da gaz fiyatlar\u0131 <\/a>sava\u015f ile 25\u20ac\/MWh&#8217;den 340\u20ac\/MWh&#8217;e \u00e7\u0131km\u0131\u015ft\u0131. Berenberg Bankas\u0131na g\u00f6re gaz fiyatlar\u0131nda her 100\u20ac\/MWh art\u0131\u015f, AB \u00fcyelerinin ekstra 380 milyar \u20ac daha fazla harcamas\u0131 demek. Bu da AB GSY\u0130H&#8217;in 2.4%&#8217;\u00fc ve hane t\u00fcketiminin %4.5&#8217;i. Avrupa GSY\u0130H&#8217;in %3&#8217;\u00fcn\u00fc enerji s\u00fcbvansiyonlar\u0131na \u00f6d\u00fcyor. Avrupa gaz depolar\u0131 %85 dolu ba\u015flam\u0131\u015ft\u0131. Gaz fiyatlar\u0131 %75 d\u00fc\u015ferek 75\u20ac\/MWh oldu.<\/p>\n\n\n\n<p>\u0130ngiltere&#8217;deki <a href=\"https:\/\/www.ft.com\/content\/275e0814-113b-4eff-b3d8-473a7ba21ba9\">elektroliz\u00f6r \u00fcreticisi ITM&#8217;in<\/a> de\u011feri bu sabah %14 d\u00fc\u015ft\u00fc. Son y\u0131lda %70 de\u011fer kaybetti. Piyasa de\u011feri 2021&#8217;deki 3.5 milyar pound&#8217;dan 575 milyon pound&#8217;a d\u00fc\u015ft\u00fc. ITM&#8217;in arkas\u0131nda hem \u0130ngiliz in\u015faat ekipman \u00fcreticisi JCB hem  de Linde var.<\/p>\n\n\n\n<p>FT&#8217;de Uzun Yaz\u0131  &#8211; <a href=\"https:\/\/www.ft.com\/content\/60747b3b-e6ea-47c0-938d-af515816d0f1\">ABD Kaya-\u015feyl petrol\u00fc<\/a><\/p>\n\n\n\n<p>IEA&#8217;e g\u00f6re 2023&#8217;te talep 1.7 mv\/g artarak, 102 mv\/g&#8217;e ula\u015facak. Goldman Sachs&#8217;a g\u00f6re ise art\u0131\u015f beklentisi 2.7mv\/g. Bakken&#8217;\u0131n \u00fcretimi 2020&#8217;de 1.5 mv\/g&#8217;e \u00e7\u0131km\u0131\u015ft\u0131. Harold Hamm&#8217;i de milyoner  yapm\u0131\u015ft\u0131. 10 y\u0131l \u00f6nce 200 yerine \u015fimdi Bakken b\u00f6lgesinde 39 sondaj kulesi var. \u00dcretim de 1 mv\/g seviyesinde.<\/p>\n\n\n\n<p>2011-2014 y\u0131llar\u0131nda ABD petrol \u00fcretimi y\u0131ldan y\u0131la %15 artt\u0131. \u00dcretim 2019&#8217;a kadar 10 y\u0131lda iki misline \u00e7\u0131karak 6 mv\/g&#8217;den 13 mv\/g&#8217;e \u00e7\u0131kt\u0131. Energy Aspects&#8217;e g\u00f6re seneye kuyulardaki \u00fcretim d\u00fc\u015f\u00fc\u015f\u00fc h\u0131zlanacak. Ge\u00e7en sene, ilk defa, her yeni kuyudan \u00fcretilen ortalama petrol hacminde d\u00fc\u015f\u00fc\u015f vard\u0131.<\/p>\n\n\n\n<p>\u0130stihdam eksi\u011fi de  jobs-to-workers 20,000 ki\u015fi seviyesinde. Kuyu a\u00e7mak %30 daha pahal\u0131ya mal oluyor. 2023&#8217;te %12 daha da y\u00fcksek maliyet bekleniyor. Ortalama \u015feyl kuyusu 7.3 milyon $&#8217;a mal oluyordu 2019&#8217;da. \u015eimdi 9 milyon $. 100 feet kazma maliyeti 2020&#8217;deki 75.000$&#8217;dan 100.000$&#8217;a \u00e7\u0131kt\u0131.<\/p>\n\n\n\n<p>\u015eeyl ekibi kazanc\u0131n\u0131n eskiden 100%&#8217;\u00fcn\u00fc tekrar yat\u0131r\u0131ma ay\u0131r\u0131ken, \u015fimdi bu oran %40-50 civar\u0131nda. Bununla y\u0131lda %0-5 b\u00fcy\u00fcmesi bekleniyor. <\/p>\n\n\n\n<figure class=\"wp-block-image size-large\"><img loading=\"lazy\" decoding=\"async\" width=\"1024\" height=\"977\" src=\"https:\/\/barissanli.com\/eak\/wp-content\/uploads\/2023\/01\/Screenshot-2023-01-16-at-16.12.52-1024x977.png\" alt=\"\" class=\"wp-image-3515\" srcset=\"https:\/\/barissanli.com\/eak\/wp-content\/uploads\/2023\/01\/Screenshot-2023-01-16-at-16.12.52-1024x977.png 1024w, https:\/\/barissanli.com\/eak\/wp-content\/uploads\/2023\/01\/Screenshot-2023-01-16-at-16.12.52-300x286.png 300w, https:\/\/barissanli.com\/eak\/wp-content\/uploads\/2023\/01\/Screenshot-2023-01-16-at-16.12.52-768x733.png 768w, https:\/\/barissanli.com\/eak\/wp-content\/uploads\/2023\/01\/Screenshot-2023-01-16-at-16.12.52.png 1130w\" sizes=\"(max-width: 1024px) 100vw, 1024px\" \/><\/figure>\n\n\n\n<figure class=\"wp-block-image size-large\"><img loading=\"lazy\" decoding=\"async\" width=\"1024\" height=\"696\" src=\"https:\/\/barissanli.com\/eak\/wp-content\/uploads\/2023\/01\/Screenshot-2023-01-16-at-16.14.57-1024x696.png\" alt=\"\" class=\"wp-image-3517\" srcset=\"https:\/\/barissanli.com\/eak\/wp-content\/uploads\/2023\/01\/Screenshot-2023-01-16-at-16.14.57-1024x696.png 1024w, https:\/\/barissanli.com\/eak\/wp-content\/uploads\/2023\/01\/Screenshot-2023-01-16-at-16.14.57-300x204.png 300w, https:\/\/barissanli.com\/eak\/wp-content\/uploads\/2023\/01\/Screenshot-2023-01-16-at-16.14.57-768x522.png 768w, https:\/\/barissanli.com\/eak\/wp-content\/uploads\/2023\/01\/Screenshot-2023-01-16-at-16.14.57.png 1518w\" sizes=\"(max-width: 1024px) 100vw, 1024px\" \/><\/figure>\n\n\n\n<figure class=\"wp-block-image size-large\"><img loading=\"lazy\" decoding=\"async\" width=\"1024\" height=\"796\" src=\"https:\/\/barissanli.com\/eak\/wp-content\/uploads\/2023\/01\/Screenshot-2023-01-16-at-16.23.04-1024x796.png\" alt=\"\" class=\"wp-image-3518\" srcset=\"https:\/\/barissanli.com\/eak\/wp-content\/uploads\/2023\/01\/Screenshot-2023-01-16-at-16.23.04-1024x796.png 1024w, https:\/\/barissanli.com\/eak\/wp-content\/uploads\/2023\/01\/Screenshot-2023-01-16-at-16.23.04-300x233.png 300w, https:\/\/barissanli.com\/eak\/wp-content\/uploads\/2023\/01\/Screenshot-2023-01-16-at-16.23.04-768x597.png 768w, https:\/\/barissanli.com\/eak\/wp-content\/uploads\/2023\/01\/Screenshot-2023-01-16-at-16.23.04.png 1466w\" sizes=\"(max-width: 1024px) 100vw, 1024px\" \/><\/figure>\n\n\n\n<figure class=\"wp-block-image size-large\"><img loading=\"lazy\" decoding=\"async\" width=\"1024\" height=\"616\" src=\"https:\/\/barissanli.com\/eak\/wp-content\/uploads\/2023\/01\/Screenshot-2023-01-16-at-16.19.28-1024x616.png\" alt=\"\" class=\"wp-image-3519\" srcset=\"https:\/\/barissanli.com\/eak\/wp-content\/uploads\/2023\/01\/Screenshot-2023-01-16-at-16.19.28-1024x616.png 1024w, https:\/\/barissanli.com\/eak\/wp-content\/uploads\/2023\/01\/Screenshot-2023-01-16-at-16.19.28-300x180.png 300w, https:\/\/barissanli.com\/eak\/wp-content\/uploads\/2023\/01\/Screenshot-2023-01-16-at-16.19.28-768x462.png 768w, https:\/\/barissanli.com\/eak\/wp-content\/uploads\/2023\/01\/Screenshot-2023-01-16-at-16.19.28.png 1476w\" sizes=\"(max-width: 1024px) 100vw, 1024px\" \/><\/figure>\n","protected":false},"excerpt":{"rendered":"<p>Avrupa gaz talebinde, son 5 y\u0131la g\u00f6re 2022&#8217;de %20 sanayi taraf\u0131nda d\u00fc\u015f\u00fc\u015f var. Sadece Q4&#8217;te d\u00fc\u015f\u00fc\u015f %30. Bu da g\u00fcnl\u00fck 100 mcm&#8217;lik bir d\u00fc\u015f\u00fc\u015f demek. (Ref) Peki petrol fiyatlar\u0131 y\u00fcksek mi? (Ref) Artan enflasyondan dolay\u0131 petrol fiyatlar\u0131n\u0131n d\u00fc\u015f\u00fc\u015fe ge\u00e7ti\u011fini g\u00f6steren bir grafik: Avrupa&#8217;da k\u00f6m\u00fcr t\u00fcketimi artarken, gaz fiyat\u0131 ve karbon fiyat\u0131 da d\u00fc\u015f\u00fcyor. (Ref) Bir &hellip; <a href=\"https:\/\/barissanli.com\/eak\/2023\/01\/16-ocak-2023-avrupada-sanayinin-gaz-talebi\/\" class=\"more-link\">Continue reading <span class=\"screen-reader-text\">16 Ocak 2023 &#8211; Avrupa&#8217;da Sanayi&#8217;nin Gaz Talebi<\/span><\/a><\/p>\n","protected":false},"author":1,"featured_media":0,"comment_status":"closed","ping_status":"","sticky":false,"template":"","format":"standard","meta":{"footnotes":""},"categories":[1],"tags":[137,40,59],"_links":{"self":[{"href":"https:\/\/barissanli.com\/eak\/wp-json\/wp\/v2\/posts\/3499"}],"collection":[{"href":"https:\/\/barissanli.com\/eak\/wp-json\/wp\/v2\/posts"}],"about":[{"href":"https:\/\/barissanli.com\/eak\/wp-json\/wp\/v2\/types\/post"}],"author":[{"embeddable":true,"href":"https:\/\/barissanli.com\/eak\/wp-json\/wp\/v2\/users\/1"}],"replies":[{"embeddable":true,"href":"https:\/\/barissanli.com\/eak\/wp-json\/wp\/v2\/comments?post=3499"}],"version-history":[{"count":14,"href":"https:\/\/barissanli.com\/eak\/wp-json\/wp\/v2\/posts\/3499\/revisions"}],"predecessor-version":[{"id":3531,"href":"https:\/\/barissanli.com\/eak\/wp-json\/wp\/v2\/posts\/3499\/revisions\/3531"}],"wp:attachment":[{"href":"https:\/\/barissanli.com\/eak\/wp-json\/wp\/v2\/media?parent=3499"}],"wp:term":[{"taxonomy":"category","embeddable":true,"href":"https:\/\/barissanli.com\/eak\/wp-json\/wp\/v2\/categories?post=3499"},{"taxonomy":"post_tag","embeddable":true,"href":"https:\/\/barissanli.com\/eak\/wp-json\/wp\/v2\/tags?post=3499"}],"curies":[{"name":"wp","href":"https:\/\/api.w.org\/{rel}","templated":true}]}}