{"id":3409,"date":"2021-04-23T11:02:00","date_gmt":"2021-04-23T11:02:00","guid":{"rendered":"http:\/\/barissanli.com\/eak\/?p=3409"},"modified":"2021-04-25T16:43:48","modified_gmt":"2021-04-25T16:43:48","slug":"23-nisan-2021","status":"publish","type":"post","link":"https:\/\/barissanli.com\/eak\/2021\/04\/23-nisan-2021\/","title":{"rendered":"23 Nisan 2021"},"content":{"rendered":"\n<p><a href=\"https:\/\/www.ft.com\/content\/e4b2a30f-0272-40c6-8a55-72ebab48516c\">Bosch&#8217;un<\/a> 2020&#8217;de Avrupa&#8217;da sat\u0131\u015flar\u0131 %8.5, \u00c7in&#8217;de %27 artmas\u0131na ra\u011fmen, CEO&#8217;su AB&#8217;nin sadece elektrikli arabalara odaklana politikalar\u0131n\u0131 ele\u015ftirdi. Y\u00f6netim Kurulu \u00fcyesi Stefan Hartung, \u015firketin &#8220;en az 20-30 y\u0131l daha i\u00e7ten yanmal\u0131 arabalara yat\u0131r\u0131m yapmaya devam edece\u011fini&#8221; s\u00f6yledi. CEO&#8217;su ise &#8220;iklim de\u011fi\u015fikli\u011fi i\u00e7ten yanmal\u0131 motorun sonu ile ilgili de\u011fil&#8221; dedi. Bosch, elektrikli arabalar i\u00e7in 5 milyar \u20ac yat\u0131r\u0131m yapt\u0131.<\/p>\n\n\n\n<p>ABD detaylar\u0131n\u0131 vermedi\u011fi <a href=\"https:\/\/www4.unfccc.int\/sites\/ndcstaging\/PublishedDocuments\/United%20States%20of%20America%20First\/United%20States%20NDC%20April%2021%202021%20Final.pdf\">iklim de\u011fi\u015fikli\u011finde ulusal katk\u0131 beyan\u0131n\u0131<\/a> verdi. Baz y\u0131l\u0131 1990 yerine 2005&#8217;e \u00e7eken ABD&#8217;nin 2025&#8217;e kadar b\u00fcy\u00fck bir d\u00fc\u015f\u00fc\u015f \u00f6ng\u00f6rmedi\u011fi s\u00f6ylenebilir. 2030&#8217;a kadar ise daha h\u0131zl\u0131 bir d\u00fc\u015f\u00fc\u015f bekleniyor. 2020-2025 \u00e7izgisinin alt\u0131nda g\u00f6r\u00fclen k\u00fc\u00e7\u00fck nokta ise 2020&#8217;deki tahmini emisyonlar. Yani 2021&#8217;de 2020&#8217;ye g\u00f6re daha y\u00fcksek emisyonlar bekleniyor.<\/p>\n\n\n\n<figure class=\"wp-block-image size-large\"><img loading=\"lazy\" decoding=\"async\" width=\"1024\" height=\"581\" src=\"https:\/\/barissanli.com\/eak\/wp-content\/uploads\/2021\/04\/Screen-Shot-2021-04-25-at-16.22.50-1024x581.png\" alt=\"\" class=\"wp-image-3421\" srcset=\"https:\/\/barissanli.com\/eak\/wp-content\/uploads\/2021\/04\/Screen-Shot-2021-04-25-at-16.22.50-1024x581.png 1024w, https:\/\/barissanli.com\/eak\/wp-content\/uploads\/2021\/04\/Screen-Shot-2021-04-25-at-16.22.50-300x170.png 300w, https:\/\/barissanli.com\/eak\/wp-content\/uploads\/2021\/04\/Screen-Shot-2021-04-25-at-16.22.50-768x435.png 768w, https:\/\/barissanli.com\/eak\/wp-content\/uploads\/2021\/04\/Screen-Shot-2021-04-25-at-16.22.50.png 1090w\" sizes=\"(max-width: 1024px) 100vw, 1024px\" \/><\/figure>\n\n\n\n<p>\u00c7in ham petrol talebi Mart 2021&#8217;de Mart 2019&#8217;a g\u00f6re <a href=\"https:\/\/twitter.com\/barissanli\/status\/1385285690406092804\">1.7 mv\/g daha<\/a> yukar\u0131da. FGE&#8217;ye g\u00f6re bu rakam 1.9 mv\/g. \u00c7in rafineri kapasitesi de 14.1 mv\/g.<\/p>\n\n\n\n<p>ABD iklim hedeflerinde baz y\u0131l\u0131n\u0131 da emisyonlar\u0131n en y\u00fcksek oldu\u011fu <a href=\"https:\/\/twitter.com\/DrSimEvans\/status\/1385180672256512001\">2005 y\u0131l\u0131n\u0131 baz alarak <\/a>hedef b\u00fcy\u00fctm\u00fc\u015f gibi g\u00f6z\u00fckt\u00fc ama 1990 hedefine g\u00f6re hedefi %43 daha a\u015fa\u011f\u0131 indirmek, 2005&#8217;e g\u00f6re %52. ABD 2005&#8217;e g\u00f6re %52 diye yay\u0131nlad\u0131.<\/p>\n\n\n\n<figure class=\"wp-block-image\"><img decoding=\"async\" src=\"https:\/\/pbs.twimg.com\/media\/EzklYP4WYAA0fGw?format=png&amp;name=small\" alt=\"Image\"\/><\/figure>\n\n\n\n<p>ABD Ekonomik Dan\u0131\u015fmanlar konseyi, istihdam ve inovasyon odakl\u0131 &#8220;<a href=\"https:\/\/www.whitehouse.gov\/wp-content\/uploads\/2021\/04\/Innovation-Investment-and-Inclusion-CEA-April-23-2021-1.pdf\">Inovasyon, yat\u0131r\u0131m, kapsama: Enerji ge\u00e7i\u015fini h\u0131zland\u0131rmak ve iyi i\u015fler olu\u015fturmak<\/a>&#8221; isimli raporunu yay\u0131nlad\u0131. Raporda dikkat \u00e7eken yerleden biri de Tesla&#8217;da \u00e7al\u0131\u015fan i\u015f\u00e7ilerin saatte 17-21$ kazanmas\u0131 ve bunun ABD&#8217;deki otomotiv i\u015f\u00e7ileri ortalamas\u0131n\u0131n alt\u0131nda olmas\u0131. BNEF&#8217;in \u00e7al\u0131\u015fmas\u0131na g\u00f6re k\u00fcresel enerjide hidrojenin 2050&#8217;de %24&#8217;e kadar pay almas\u0131 m\u00fcmk\u00fcn. %100 de\u011fil. ABD kamusal ArGe harcamas\u0131n\u0131n GSY\u0130H&#8217;e oran\u0131nda 10ncu s\u0131raya d\u00fc\u015fm\u00fc\u015f.<\/p>\n\n\n\n<p><a href=\"https:\/\/www.iea.org\/news\/executive-director-speech-at-the-leaders-summit-on-climate\">Fatih Birol&#8217;un<\/a> Biden&#8217;\u0131n iklim zirvesindeki  konu\u015fmas\u0131nda, &#8220;\u015fu anda veri ve retorik e\u015fle\u015fmiyor ve makas giderek art\u0131yor&#8221;. IEA&#8217;in 2050&#8217;de net s\u0131f\u0131r i\u00e7in gereken teknolojilerin yar\u0131s\u0131n\u0131n olmad\u0131\u011f\u0131n\u0131 tekrar eden c\u00fcmlesi de \u00f6nemli.<\/p>\n\n\n\n<p>Filipinler, Hindistan ve Vietnam&#8217;da elektrik projelerinin yar\u0131s\u0131ndan fazlas\u0131 <a href=\"https:\/\/ihsmarkit.com\/research-analysis\/coal-inertia-remains-strong-while-renewables-accelerate.html\">k\u00f6m\u00fcr<\/a>, Japonya ve G\u00fcney Kore&#8217;de in\u015fa halindeki projelerin %29 ve %44&#8217;\u00fc k\u00f6m\u00fcr. B\u00f6lgedeki yeni kapasitelerin %15&#8217;\u00fc do\u011fal gaz. <\/p>\n\n\n\n<figure class=\"wp-block-image\"><img decoding=\"async\" src=\"https:\/\/cdn.ihsmarkit.com\/www\/images\/0421\/clean-power-additions-rankings.png\" alt=\"Clean Power Additions Rankings - Coal-fired power being constructed in Asia-Pacific\"\/><\/figure>\n\n\n\n<p>ABD \u0130klim koordinat\u00f6r\u00fc <a href=\"https:\/\/www.ft.com\/content\/050279bf-e97b-44ac-91c3-98ea7b9b5f26\">John Kerry<\/a>, \u00c7in ile g\u00f6r\u00fc\u015fmesinden baz\u0131 izlenimler verdi. \u00c7in baz y\u00fck konusunda endi\u015feli ve kendilerine karbon (emisyon) alan\u0131 bor\u00e7lu olundu\u011fu konusunda \u00e7ok g\u00fc\u00e7l\u00fc duygular\u0131 var. Fakat \u00c7in&#8217;de nas\u0131l h\u0131zl\u0131 hareket edebilece\u011fini d\u00fc\u015f\u00fcn\u00fcyor. Kerry&#8217;e g\u00f6re Avrupa daha fazla d\u00fczenlemeye ve te\u015fvi\u011fe odakl\u0131. Glasgow Financial Alliance for Net Zeroa &#8211; GFanz, bat\u0131l\u0131 finansal gruplar\u0131n s\u00fcrece daha \u00e7ok dahil olmas\u0131n\u0131 sa\u011flayacak. 6 \u00f6nc\u00fc banka 2030&#8217;a 4.15 trilyon $, ABD varl\u0131k y\u00f6neticileri de 19 trilyon $ hedef belirlediler.<\/p>\n\n\n\n<p>ABD&#8217;de <a href=\"https:\/\/www.bloomberg.com\/news\/articles\/2021-04-23\/biden-exploring-border-adjustment-tax-to-fight-climate-change?sref=vdNmoUVL\">Biden<\/a>, ge\u00e7en sene kampanyas\u0131nda karbonda s\u0131n\u0131r ayarlamas\u0131n\u0131 desteklemi\u015fti. Cuma g\u00fcn\u00fc John Kerry, konuyu ara\u015ft\u0131rd\u0131klar\u0131n\u0131, bunun devreye al\u0131nmas\u0131 gereken bir\u015fey olup olmad\u0131\u011f\u0131n\u0131 Biden&#8217;\u0131n g\u00f6rmek istedi\u011fini s\u00f6yledi.<\/p>\n\n\n\n<p>20 Nisan 2020&#8217;de New York saati ile sabah 7&#8217;de, WTI petrol fiyat\u0131 %28 a\u015fa\u011f\u0131da ve 13.07$\/v&#8217;di. 14:08&#8217;de WTI negatife d\u00f6nm\u00fc\u015ft\u00fc. <a href=\"https:\/\/www.bloomberg.com\/news\/articles\/2020-04-25\/the-20-minutes-that-broke-the-u-s-oil-market\">Sonra da -40.32$\/v&#8217;e kadar d\u00fc\u015ft\u00fc<\/a>. \u00c7in&#8217;de Bank of China&#8217;n\u0131n Yuan You Bao-Ham Petrol hazinesi isimli \u00fcr\u00fcn\u00fcne para yat\u0131ranlar hem paralar\u0131n\u0131 kaybetti hem de \u00fczerine para verdi. Fiyat -37.63$\/v ile g\u00fcn\u00fc kapatt\u0131. 8 Nisan&#8217;da CME, negatif fiyatlara haz\u0131r\u0131z mesaj\u0131 vermi\u015fti. Mart ve Nisan&#8217;da Cushing&#8217;deki depolamalar %60 artarak 6o milyon varil&#8217;in alt\u0131na geldi. Toplam kapasite ise 76 milyon varil.<\/p>\n\n\n\n<p>ABD&#8217;de<a href=\"https:\/\/www.ft.com\/content\/202dada4-b188-4112-9689-6fec2924efb0\"> kereste fiyatlar\u0131 <\/a>bu sene %50 artarak  1327$&#8217;a ula\u015ft\u0131. Covid 19 krizinin en derin noktalar\u0131ndan beri %400 art\u0131\u015f var. 2018&#8217;de daha \u00f6nceki y\u00fcksek nokta 650$&#8217;d\u0131. Kanada&#8217;dan ihracat da yava\u015flad\u0131, 2016 y\u0131l\u0131ndaki tarifeler ve British Columbia&#8217;daki ormanlara zarar veren da\u011f \u00e7am\u0131 b\u00f6ce\u011fi sebebiyle. At\u00f6lye stoklar\u0131 en d\u00fc\u015f\u00fck seviyede. 2005&#8217;de kereste fabrika kapasitesi 80.7 milyar board feet ken bug\u00fcn 72 milyarda.<\/p>\n\n\n\n<figure class=\"wp-block-image\"><img decoding=\"async\" src=\"https:\/\/www.ft.com\/__origami\/service\/image\/v2\/images\/raw\/https%3A%2F%2Fd6c748xw2pzm8.cloudfront.net%2Fprod%2F6ec523f0-a1dd-11eb-a3c8-671b25ade606-standard.png?dpr=1&amp;fit=scale-down&amp;quality=highest&amp;source=next&amp;width=700\" alt=\"Line chart of CME random length commodity futures, $ per thousand board feet showing US wood prices surge to record level as economy recovers\"\/><\/figure>\n\n\n\n<figure class=\"wp-block-image\"><img decoding=\"async\" src=\"https:\/\/www.ft.com\/__origami\/service\/image\/v2\/images\/raw\/https%3A%2F%2Fd6c748xw2pzm8.cloudfront.net%2Fprod%2F3086d0e0-a1e0-11eb-932f-111c6d64fb3f-standard.png?dpr=1&amp;fit=scale-down&amp;quality=highest&amp;source=next&amp;width=700\" alt=\"US housing starts already at highest level since 2006\"\/><\/figure>\n\n\n\n<p><\/p>\n\n\n\n<p>Scorpion isimli bir hedge fon, QuantumScape&#8217;in kat\u0131 hal pili duyurular\u0131n\u0131n ger\u00e7ek olmad\u0131\u011f\u0131na <a href=\"https:\/\/scorpioncapital.s3.us-east-2.amazonaws.com\/reports\/QS1.pdf\">dair uzun bir d\u00f6k\u00fcman <\/a>yay\u0131nlad\u0131. D\u00f6k\u00fcmandaki \u00f6nemli noktalardan biri de Cell&#8217;in Joule dergisinin pil yay\u0131n\u0131 yapacaklar i\u00e7in istedi\u011fi <a href=\"https:\/\/www.cell.com\/pb-assets\/journals\/research\/joule\/Checklist_Batteries_v1_(006)-1608320062.pdf\">veri raporlamas\u0131 listesi<\/a>. Performans d\u00fc\u015f\u00fc\u015f\u00fcnde, 0-100% ekseni yerine 90-100% g\u00f6sterilmesi gerekiyor ayr\u0131ca h\u0131zl\u0131 \u015farj performans grafi\u011fi de ger\u00e7ek veri olmayabilir.<\/p>\n\n\n\n<figure class=\"wp-block-image size-large\"><img loading=\"lazy\" decoding=\"async\" width=\"1024\" height=\"469\" src=\"https:\/\/barissanli.com\/eak\/wp-content\/uploads\/2021\/04\/Screen-Shot-2021-04-25-at-15.57.28-1024x469.png\" alt=\"\" class=\"wp-image-3416\" srcset=\"https:\/\/barissanli.com\/eak\/wp-content\/uploads\/2021\/04\/Screen-Shot-2021-04-25-at-15.57.28-1024x469.png 1024w, https:\/\/barissanli.com\/eak\/wp-content\/uploads\/2021\/04\/Screen-Shot-2021-04-25-at-15.57.28-300x137.png 300w, https:\/\/barissanli.com\/eak\/wp-content\/uploads\/2021\/04\/Screen-Shot-2021-04-25-at-15.57.28-768x352.png 768w, https:\/\/barissanli.com\/eak\/wp-content\/uploads\/2021\/04\/Screen-Shot-2021-04-25-at-15.57.28-1536x704.png 1536w, https:\/\/barissanli.com\/eak\/wp-content\/uploads\/2021\/04\/Screen-Shot-2021-04-25-at-15.57.28.png 1676w\" sizes=\"(max-width: 1024px) 100vw, 1024px\" \/><\/figure>\n\n\n\n<p><\/p>\n\n\n\n<p>1971&#8217;de Amerikal\u0131lar\u0131n %61&#8217;i <a href=\"https:\/\/medium.com\/the-next-zeitgeist\/the-case-for-the-40-an-hour-worker-da160d57c8b0\">orta s\u0131n\u0131fken<\/a>, 2 y\u0131l \u00f6nce bu rakam %51&#8217;e d\u00fc\u015ft\u00fc. ABD ulusal istihbarat komisyonunun <a href=\"https:\/\/www.dni.gov\/files\/ODNI\/documents\/assessments\/GlobalTrends_2040.pdf\">2040&#8217;a k\u00fcresel trendler raporuna <\/a>g\u00f6re n\u00fcfuslar\u0131n \u00f6nemli bir b\u00f6l\u00fcm\u00fc, y\u0131k\u0131c\u0131 ekonomi, teknolojik ve demografik trendlerden dolay\u0131 pesimist, iklim de\u011fi\u015fikli\u011fi riskleri ve tart\u0131\u015fmalar\u0131 artt\u0131racak <\/p>\n\n\n\n<p><a href=\"https:\/\/asia.nikkei.com\/Spotlight\/Environment\/Climate-Change\/Japan-s-lofty-climate-pledge-demands-radical-energy-innovation\">Japonya<\/a>, ABD&#8217;nin iklim zirvesinde, 2013&#8217;e g\u00f6re 2030&#8217;da %46 daha d\u00fc\u015f\u00fck gaz emisyonu hedefliyor. Yani Fukushima sonras\u0131n\u0131 baz al\u0131yor. Japonya&#8217;n\u0131n elektri\u011finin %70&#8217;i fosil yak\u0131tlardan, n\u00fckleer sadece %6. Japonya&#8217;da elektrikli araba sat\u0131\u015f\u0131 ge\u00e7en sene 14000 adet, %1&#8217;in alt\u0131nda. Japonya&#8217;da 78 milyon ara\u00e7 yollarda. <\/p>\n\n\n\n<p><a href=\"http:\/\/www.thedialogue.org\/wp-content\/uploads\/2021\/04\/LEA210423.pdf\">Latin Amerika enerji haberlerinde<\/a>, Brezilya ve ABD biyoyak\u0131t anla\u015fmas\u0131 pe\u015finde, Guyana, 2027&#8217;de petrol \u00fcretiminin 1 mv\/g&#8217;e eri\u015fmesini bekliyor. Venez\u00fcella&#8217;da Maduro, dizel s\u0131k\u0131nt\u0131s\u0131n\u0131 \u00e7\u00f6zmeye s\u00f6z verdi. \u015eili&#8217;de 170 MW&#8217;l\u0131k g\u00fcne\u015f \u00e7iftli\u011fi devreye al\u0131nd\u0131<\/p>\n\n\n\n<p>ABD&#8217;de yeni Ba\u015fkanl\u0131k karar\u0131 ile &#8220;<a href=\"https:\/\/www.whitehouse.gov\/briefing-room\/statements-releases\/2021\/04\/22\/executive-summary-u-s-international-climate-finance-plan\/\">Uluslararas\u0131 \u0130klim Finansman Plan\u0131<\/a>&#8221; yay\u0131nland\u0131. Geli\u015fmekte olan \u00fclkelere finansman alan\u0131nda yard\u0131mc\u0131 olmay\u0131 planl\u0131yor. <\/p>\n\n\n\n<p>\u00c7in lideri <a href=\"https:\/\/www.fmprc.gov.cn\/mfa_eng\/zxxx_662805\/t1870852.shtml\">Xi Jinping&#8217;in <\/a>\u0130nsano\u011flu ve Do\u011fa i\u00e7in isimli iklim zirvesi konu\u015fmas\u0131nda: 14. 5 y\u0131ll\u0131k planda k\u00f6m\u00fcr t\u00fcketiminin ARTI\u015eINI s\u0131n\u0131rlayaca\u011f\u0131 ve 15. 5 y\u0131ll\u0131k planda da azaltaca\u011f\u0131n\u0131 belirtti. <\/p>\n\n\n\n<p>\u00c7in 2014-2020 aras\u0131nda 235 GW g\u00fcne\u015f, 205 GW r\u00fczgar kapasitesi ekledi. Ama 225 GW&#8217;da k\u00f6m\u00fcr kapasitesini artt\u0131rd\u0131. \u00c7in&#8217;de k\u00f6m\u00fcr sekt\u00f6r\u00fc 10 milyonlarca ki\u015fiyi istihdam ediyor ve trilyonlarca dolar de\u011ferinde. <\/p>\n\n\n\n<p><a href=\"https:\/\/noahpinion.substack.com\/p\/why-has-climate-economics-failed\">\u0130klim ekonomisi<\/a> neden ba\u015far\u0131s\u0131z oldu? Yeterli ara\u015ft\u0131rma yok, modeller k\u00f6t\u00fc, u\u00e7 riskler \u00f6nemsenmiyor ve karbon vergilerine obsesif bir saplant\u0131. Bu sebeple Biden y\u00f6netiminde ekonomistler yerine teknolojist ve aktivistler \u00f6n planda. 2019&#8217;da \u00f6nemli ekonomi dergilerinde iklim makale say\u0131lar\u0131 a\u015fa\u011f\u0131da, t\u00fcm makalelerin %0.07\u00fc. En \u00e7ok at\u0131f alan baz\u0131 makaleler de \u00fcr\u00fcn art\u0131\u015f\u0131, net ekonomik art\u0131\u015flara de\u011finiyor.<\/p>\n\n\n\n<figure class=\"wp-block-image\"><img decoding=\"async\" src=\"https:\/\/cdn.substack.com\/image\/fetch\/w_1456,c_limit,f_auto,q_auto:good,fl_progressive:steep\/https%3A%2F%2Fbucketeer-e05bbc84-baa3-437e-9518-adb32be77984.s3.amazonaws.com%2Fpublic%2Fimages%2F98018ca1-4b7e-494f-9c1d-cb96805c79c0_586x356.png\" alt=\"\"\/><\/figure>\n\n\n\n<p>Japon ara\u015ft\u0131rmac\u0131lar <a href=\"https:\/\/www.nature.com\/articles\/s41467-021-21284-3\">g\u00fcne\u015ften hidrojen \u00fcretiminde<\/a> 100 kata varan bir verimlilik art\u0131\u015f\u0131 elde ettiklerini s\u00f6yl\u00fcyorlar. B\u00f6ylelikle 420 nm&#8217;de kuantum verimlili\u011fi %6.8, g\u00fcne\u015ften hidrojen \u00e7evriminde de %0.24 verimlilik raporlanm\u0131\u015f.<\/p>\n\n\n\n<p>R\u00fczgar yat\u0131r\u0131m maliyetlerinde %37-%49 maliyet d\u00fc\u015f\u00fc\u015f\u00fcn\u00fcn alt k\u0131r\u0131l\u0131mlar\u0131 \u015fu \u015fekilde olacak<\/p>\n\n\n\n<figure class=\"wp-block-image\"><img decoding=\"async\" src=\"https:\/\/media.springernature.com\/full\/springer-static\/image\/art%3A10.1038%2Fs41560-021-00810-z\/MediaObjects\/41560_2021_810_Fig7_HTML.png\" alt=\"Fig. 7\"\/><\/figure>\n\n\n\n<p>ABD&#8217;nin<a href=\"https:\/\/www.energypolicy.columbia.edu\/research\/report\/investing-us-natural-gas-pipeline-system-support-net-zero-targets\"> yerel do\u011falgaz altyap\u0131lar\u0131na<\/a> yat\u0131r\u0131m yapmas\u0131, net s\u0131f\u0131r hedeflerine h\u0131zl\u0131 ve ucuz var\u0131lmas\u0131na faydal\u0131 olabilir. Senaryolar gelecek 30 y\u0131lda do\u011falgaz kullan\u0131m\u0131 g\u00f6steriyor ve h\u0131zl\u0131 bir ikamesi yok. Net s\u0131f\u0131r hedeflerinde hidrojene haz\u0131r hale getirmek \u00f6nemli. Metan s\u0131z\u0131nt\u0131lar\u0131n\u0131n \u00f6nlenmesi \u00f6nemli<\/p>\n\n\n\n<figure class=\"wp-block-image\"><img decoding=\"async\" src=\"https:\/\/www.energypolicy.columbia.edu\/sites\/default\/files\/pictures\/GasPipelines_Charts_v1-Figure9.png\" alt=\"\"\/><\/figure>\n\n\n\n<figure class=\"wp-block-image\"><img decoding=\"async\" src=\"https:\/\/www.energypolicy.columbia.edu\/sites\/default\/files\/pictures\/GasPipelines_Charts_v1-Figure15.png\" alt=\"\"\/><\/figure>\n\n\n\n<p><a href=\"https:\/\/www.prometheusfuels.com\/on-the-road\/happy-earth-day-our-co2-dac-cost-is-worlds-lowest\">Prometheus Fuels<\/a>&#8216;e g\u00f6re havadan CO2 yakalaman\u0131n maliyeti 36$\/ton CO2. 2050&#8217;de 2.5 milyon \u00fcnite ile havadan 11 GT CO2 yakalamay\u0131 bekliyor.<\/p>\n\n\n\n<p>ABD&#8217;de deki <a href=\"https:\/\/foreignpolicy.com\/2021\/04\/18\/big-agriculture-is-best\/\">\u00e7iftliklerin<\/a> yar\u0131s\u0131 k\u00fc\u00e7\u00fck boyutta iken, \u00fcretimin sadece %10unu yap\u0131yorlar. Amerika&#8217;da 1800&#8217;lerde istihdam\u0131n %70i tar\u0131mdayd\u0131. 1900&#8217;da %40&#8217;\u0131. Bug\u00fcn %2si. ABD&#8217;deki m\u0131s\u0131r \u00fcretiminin %40&#8217;\u0131 biyoyak\u0131tlar i\u00e7in kullan\u0131l\u0131yor.<\/p>\n\n\n\n<p><a href=\"https:\/\/www.miningweekly.com\/article\/platinum-use-in-vehicle-emissions-control-systems-increasing-as-new-regulations-kick-in-wpic-2021-04-21\">D\u00fcnya platin konseyine <\/a>g\u00f6re bu seneki otomotiv sekt\u00f6r\u00fc platin talebi 2018&#8217;den beri en y\u00fckse\u011fi olacak. China IV standartlar\u0131 a\u011f\u0131r vas\u0131talar\u0131 etkiliyor ve platin talebini artt\u0131ran bir fakt\u00f6r olacak. Platin daha pahal\u0131 olan paladyumun yerine kullan\u0131m\u0131 artan bir metal. Euro 6d ve China 6 d\u00fczenlemeleri daha fazla palladyum talebine sebep oluyor. Platinyum 2021&#8217;de 400,000 oz palladyumun yerini alabilir.<\/p>\n\n\n\n<p>G\u00fcne\u015f ve r\u00fczgar maliyetlerindeki d\u00fc\u015f\u00fc\u015f sonunda ABD<a href=\"https:\/\/medium.com\/the-future-is-electric\/vaclav-smil-has-bill-gates-ear-which-is-part-of-the-problem-with-gates-climate-actions-50f5f136cefd\"> gaz fiyat projeksiyonlar\u0131nda da d\u00fc\u015f\u00fc\u015f\u00fc<\/a> beraberinde getirmi\u015f gibi g\u00f6r\u00fcn\u00fcyor.<\/p>\n\n\n\n<figure class=\"wp-block-image\"><img decoding=\"async\" src=\"https:\/\/miro.medium.com\/max\/1280\/0*UqTJ0Kfbwvk6Iwi6.png\" alt=\"Chart of wind and solar power purchase agreements vs natural gas generation\"\/><\/figure>\n\n\n\n<p><a href=\"https:\/\/www.youtube.com\/watch?v=pfr561AJ6O8&amp;t=6s\">Petro agresyon <\/a>ve petro isyanlar: Petrol \u00fclkelerinin liderlerinin hesap verilebilirli\u011fi daha d\u00fc\u015f\u00fck. Petrol gelirleri artt\u0131k\u00e7a da di\u011fer \u00fclkelerdeki ayaklanmalar\u0131 daha \u00e7ok destekleyen \u00fclkeler art\u0131yor. <\/p>\n\n\n\n<figure class=\"wp-block-image size-large\"><img loading=\"lazy\" decoding=\"async\" width=\"1024\" height=\"600\" src=\"https:\/\/barissanli.com\/eak\/wp-content\/uploads\/2021\/04\/Screen-Shot-2021-04-25-at-16.46.08-1024x600.png\" alt=\"\" class=\"wp-image-3423\" srcset=\"https:\/\/barissanli.com\/eak\/wp-content\/uploads\/2021\/04\/Screen-Shot-2021-04-25-at-16.46.08-1024x600.png 1024w, https:\/\/barissanli.com\/eak\/wp-content\/uploads\/2021\/04\/Screen-Shot-2021-04-25-at-16.46.08-300x176.png 300w, https:\/\/barissanli.com\/eak\/wp-content\/uploads\/2021\/04\/Screen-Shot-2021-04-25-at-16.46.08-768x450.png 768w, https:\/\/barissanli.com\/eak\/wp-content\/uploads\/2021\/04\/Screen-Shot-2021-04-25-at-16.46.08-1536x900.png 1536w, https:\/\/barissanli.com\/eak\/wp-content\/uploads\/2021\/04\/Screen-Shot-2021-04-25-at-16.46.08.png 1728w\" sizes=\"(max-width: 1024px) 100vw, 1024px\" \/><\/figure>\n\n\n\n<p>A\u00e7\u0131k makaleler<\/p>\n\n\n\n<p><a href=\"https:\/\/onlinelibrary.wiley.com\/doi\/10.1002\/aesr.202000093\">Yap\u0131sal bir pil<\/a> ve \u00e7ok fonksiyonlu performans\u0131<\/p>\n\n\n\n<p>Uzman anketine g\u00f6re <a href=\"https:\/\/www.nature.com\/articles\/s41560-021-00810-z?utm_campaign=socialtraffic&amp;utm_medium=social&amp;utm_source=NEtwitter\">r\u00fczgar enerji maliyetlerinde<\/a> 2050&#8217;ye kadar %37-%49 d\u00fc\u015f\u00fc\u015f \u00f6ng\u00f6r\u00fcs\u00fc<\/p>\n\n\n\n<p>Innovative energy business models appeal to specific<a href=\"https:\/\/www.nature.com\/articles\/s41560-021-00821-w?utm_campaign=nepolicybriefs&amp;utm_medium=social&amp;utm_source=NEtwitter\"> consumer groups<\/a> but may exacerbate existing inequalities for the disengaged<\/p>\n","protected":false},"excerpt":{"rendered":"<p>Bosch&#8217;un 2020&#8217;de Avrupa&#8217;da sat\u0131\u015flar\u0131 %8.5, \u00c7in&#8217;de %27 artmas\u0131na ra\u011fmen, CEO&#8217;su AB&#8217;nin sadece elektrikli arabalara odaklana politikalar\u0131n\u0131 ele\u015ftirdi. Y\u00f6netim Kurulu \u00fcyesi Stefan Hartung, \u015firketin &#8220;en az 20-30 y\u0131l daha i\u00e7ten yanmal\u0131 arabalara yat\u0131r\u0131m yapmaya devam edece\u011fini&#8221; s\u00f6yledi. CEO&#8217;su ise &#8220;iklim de\u011fi\u015fikli\u011fi i\u00e7ten yanmal\u0131 motorun sonu ile ilgili de\u011fil&#8221; dedi. Bosch, elektrikli arabalar i\u00e7in 5 milyar \u20ac &hellip; <a href=\"https:\/\/barissanli.com\/eak\/2021\/04\/23-nisan-2021\/\" class=\"more-link\">Continue reading <span class=\"screen-reader-text\">23 Nisan 2021<\/span><\/a><\/p>\n","protected":false},"author":1,"featured_media":0,"comment_status":"closed","ping_status":"closed","sticky":false,"template":"","format":"standard","meta":{"footnotes":""},"categories":[1],"tags":[],"_links":{"self":[{"href":"https:\/\/barissanli.com\/eak\/wp-json\/wp\/v2\/posts\/3409"}],"collection":[{"href":"https:\/\/barissanli.com\/eak\/wp-json\/wp\/v2\/posts"}],"about":[{"href":"https:\/\/barissanli.com\/eak\/wp-json\/wp\/v2\/types\/post"}],"author":[{"embeddable":true,"href":"https:\/\/barissanli.com\/eak\/wp-json\/wp\/v2\/users\/1"}],"replies":[{"embeddable":true,"href":"https:\/\/barissanli.com\/eak\/wp-json\/wp\/v2\/comments?post=3409"}],"version-history":[{"count":15,"href":"https:\/\/barissanli.com\/eak\/wp-json\/wp\/v2\/posts\/3409\/revisions"}],"predecessor-version":[{"id":3429,"href":"https:\/\/barissanli.com\/eak\/wp-json\/wp\/v2\/posts\/3409\/revisions\/3429"}],"wp:attachment":[{"href":"https:\/\/barissanli.com\/eak\/wp-json\/wp\/v2\/media?parent=3409"}],"wp:term":[{"taxonomy":"category","embeddable":true,"href":"https:\/\/barissanli.com\/eak\/wp-json\/wp\/v2\/categories?post=3409"},{"taxonomy":"post_tag","embeddable":true,"href":"https:\/\/barissanli.com\/eak\/wp-json\/wp\/v2\/tags?post=3409"}],"curies":[{"name":"wp","href":"https:\/\/api.w.org\/{rel}","templated":true}]}}