{"id":2517,"date":"2020-12-22T08:14:35","date_gmt":"2020-12-22T08:14:35","guid":{"rendered":"http:\/\/barissanli.com\/eak\/?p=2517"},"modified":"2020-12-22T08:42:27","modified_gmt":"2020-12-22T08:42:27","slug":"22-aralik-2020","status":"publish","type":"post","link":"https:\/\/barissanli.com\/eak\/2020\/12\/22-aralik-2020\/","title":{"rendered":"22 Aral\u0131k 2020"},"content":{"rendered":"\n<p><a href=\"https:\/\/mobile.twitter.com\/Oliver_Klaus1\/status\/1341274184706650112\">Petrolde<\/a>: Rus bakan Novak&#8217;a g\u00f6re yeni vir\u00fcs zinciri piyasalar\u0131 sarsar. Irak para birimini deval\u00fce etti. Rusya Ocak-Mart aras\u0131 ihracat\u0131 artt\u0131racak. <\/p>\n\n\n\n<p>Bug\u00fcn\u00fcn en bilgilendirici yaz\u0131s\u0131, <a href=\"https:\/\/www.forbes.com\/sites\/nishandegnarain\/2020\/12\/21\/shipping-gate-explained-how-the-global-ship-fuel-scandal-came-about\/\">gemicilik yak\u0131t\u0131 skandal\u0131<\/a>. Mauritiu&#8217;daki Wakashio tankerinin hikayesinin arka plan\u0131 \u00e7ok kar\u0131\u015f\u0131k. IMO&#8217;nun k\u00fck\u00fcrts\u00fcz yak\u0131tlara ge\u00e7i\u015f ser\u00fcveninin yan ve zincirleme etkileri, motorlar\u0131n bozulmas\u0131, jet yak\u0131t kar\u0131\u015ft\u0131r\u0131lmas\u0131<\/p>\n\n\n\n<p>\u0130ngiliz <a href=\"https:\/\/www.fca.org.uk\/news\/news-stories\/fca-introduces-rule-enhance-climate-related-disclosures\">FCA<\/a>, borsaya kote \u015firketlerde iklim de\u011fi\u015fikli\u011fi ile ilgili bilgilendirmelere dair bir karar yay\u0131nlad\u0131.<\/p>\n\n\n\n<p>\u00c7in&#8217;in 2021 <a href=\"https:\/\/www.argusmedia.com\/en\/blog\/2020\/december\/17\/from-the-economists-chair-shifting-policy-priorities-will-drive-chinas-2021-commodity-demand\">emtia talebinde<\/a> temel itici olaca\u011f\u0131na dair analiz<\/p>\n\n\n\n<figure class=\"wp-block-gallery columns-1 is-cropped wp-block-gallery-1 is-layout-flex wp-block-gallery-is-layout-flex\"><ul class=\"blocks-gallery-grid\"><li class=\"blocks-gallery-item\"><figure><img loading=\"lazy\" decoding=\"async\" width=\"560\" height=\"314\" src=\"https:\/\/barissanli.com\/eak\/wp-content\/uploads\/2020\/12\/20201217-world-gdp.jpg\" alt=\"\" data-id=\"2521\" data-full-url=\"https:\/\/barissanli.com\/eak\/wp-content\/uploads\/2020\/12\/20201217-world-gdp.jpg\" data-link=\"https:\/\/barissanli.com\/eak\/2020\/12\/22-aralik-2020\/20201217-world-gdp\/\" class=\"wp-image-2521\" srcset=\"https:\/\/barissanli.com\/eak\/wp-content\/uploads\/2020\/12\/20201217-world-gdp.jpg 560w, https:\/\/barissanli.com\/eak\/wp-content\/uploads\/2020\/12\/20201217-world-gdp-300x168.jpg 300w\" sizes=\"(max-width: 560px) 100vw, 560px\" \/><\/figure><\/li><\/ul><\/figure>\n\n\n\n<p><a href=\"https:\/\/mobile.reuters.com\/article\/amp\/idUSKBN28V2PU\">Apple<\/a> \u00e7ip sonras\u0131 pil i\u015fine de mi giriyor? 2024&#8217;te kendi arabas\u0131n\u0131 \u00fcretecek. Ama dedikodu &#8220;pil maliyetlerini radikal olarak d\u00fc\u015f\u00fcrecek bir tasar\u0131m&#8221;. Apple hisseleri %1.24 artm\u0131\u015f. Monocell yani \u00e7ipdek gibi tek bir yap\u0131 ile mi \u00e7\u00f6zecek her\u015feyi.<\/p>\n\n\n\n<p>\u00c7in <a href=\"https:\/\/mobile.twitter.com\/JavierBlas\/status\/1341050088597164032\">ba\u011f\u0131ms\u0131z rafinericilere <\/a>ay\u0131rd\u0131\u011f\u0131 kotay\u0131 y\u0131ldan y\u0131la %18 artt\u0131rarak 122.6 milyon ton yapt\u0131. \u00dcr\u00fcn piyasas\u0131n\u0131 domine edecekler<\/p>\n\n\n\n<p><a href=\"https:\/\/www.eenews.net\/stories\/1063721043\">Yenilenebilirler<\/a> daima CO2 emisyonlar\u0131n\u0131 azalt\u0131yor mu? ABD&#8217;de de\u011fi\u015fik b\u00f6lgelerde yap\u0131lan incelemelerde bazen \u00fcretilen yenilenebilirin \u00f6nemli k\u0131sm\u0131n\u0131n ihra\u00e7 edildi\u011fi, baz\u0131 izole durumlarda ba\u015fka \u00fcretim teknolojilerine ihtiyac\u0131 artt\u0131rmas\u0131 sebebiyle emisyon art\u0131\u015f\u0131 da yapm\u0131\u015f. K\u00f6m\u00fcr yerine kullan diyor.<\/p>\n\n\n\n<p>Binalarda <a href=\"https:\/\/techxplore.com\/news\/2020-12-smart-thermostats-efficient.amp\">ak\u0131ll\u0131 termostatlarda<\/a> daha fazla verimlilik i\u00e7in eski algoritmalara yeni numaralarla ba\u015far\u0131 sa\u011flanm\u0131\u015f. De\u011fi\u015fik e\u015fiklerdeki olay ile tetiklenen, minimum t\u00fcketici m\u00fcdahalesi isteyen sistem\u00e7<\/p>\n\n\n\n<p>Almanya&#8217;n\u0131n <a href=\"https:\/\/www.cleanenergywire.org\/factsheets\/germanys-energy-consumption-and-power-mix-charts\">elektrik ve enerji istatistiklerini<\/a>n 2020 dahil grafikleri. \u0130lgin\u00e7 olan elektrik ihracat\u0131 h\u0131zla d\u00fc\u015fm\u00fc\u015f.<\/p>\n\n\n\n<figure class=\"wp-block-image size-large\"><img loading=\"lazy\" decoding=\"async\" width=\"1024\" height=\"724\" src=\"https:\/\/barissanli.com\/eak\/wp-content\/uploads\/2020\/12\/fig7-german-power-import-export-1990-2020-1024x724.png\" alt=\"\" class=\"wp-image-2518\" srcset=\"https:\/\/barissanli.com\/eak\/wp-content\/uploads\/2020\/12\/fig7-german-power-import-export-1990-2020-1024x724.png 1024w, https:\/\/barissanli.com\/eak\/wp-content\/uploads\/2020\/12\/fig7-german-power-import-export-1990-2020-300x212.png 300w, https:\/\/barissanli.com\/eak\/wp-content\/uploads\/2020\/12\/fig7-german-power-import-export-1990-2020-768x543.png 768w, https:\/\/barissanli.com\/eak\/wp-content\/uploads\/2020\/12\/fig7-german-power-import-export-1990-2020.png 1200w\" sizes=\"(max-width: 1024px) 100vw, 1024px\" \/><\/figure>\n\n\n\n<p><\/p>\n\n\n\n<p>End\u00fcstriyel \u00fcr\u00fcnler i\u00e7in <a href=\"https:\/\/www.ourenergypolicy.org\/resources\/clean-products-standard-a-new-approach-to-industrial-decarbonization\/\">temiz \u00fcr\u00fcnler standard\u0131<\/a>.<\/p>\n\n\n\n<p>Elektrik faturalar\u0131n\u0131 <a href=\"https:\/\/t.co\/hu2eadCZCL?amp=1\">d\u00fc\u015f\u00fcrmenin 100 yolu<\/a><\/p>\n","protected":false},"excerpt":{"rendered":"<p>Petrolde: Rus bakan Novak&#8217;a g\u00f6re yeni vir\u00fcs zinciri piyasalar\u0131 sarsar. Irak para birimini deval\u00fce etti. Rusya Ocak-Mart aras\u0131 ihracat\u0131 artt\u0131racak. Bug\u00fcn\u00fcn en bilgilendirici yaz\u0131s\u0131, gemicilik yak\u0131t\u0131 skandal\u0131. Mauritiu&#8217;daki Wakashio tankerinin hikayesinin arka plan\u0131 \u00e7ok kar\u0131\u015f\u0131k. IMO&#8217;nun k\u00fck\u00fcrts\u00fcz yak\u0131tlara ge\u00e7i\u015f ser\u00fcveninin yan ve zincirleme etkileri, motorlar\u0131n bozulmas\u0131, jet yak\u0131t kar\u0131\u015ft\u0131r\u0131lmas\u0131 \u0130ngiliz FCA, borsaya kote \u015firketlerde iklim &hellip; <a href=\"https:\/\/barissanli.com\/eak\/2020\/12\/22-aralik-2020\/\" class=\"more-link\">Continue reading <span class=\"screen-reader-text\">22 Aral\u0131k 2020<\/span><\/a><\/p>\n","protected":false},"author":1,"featured_media":0,"comment_status":"closed","ping_status":"closed","sticky":false,"template":"","format":"standard","meta":{"footnotes":""},"categories":[1],"tags":[74,217,60,216,152,75,109,51,126,209],"_links":{"self":[{"href":"https:\/\/barissanli.com\/eak\/wp-json\/wp\/v2\/posts\/2517"}],"collection":[{"href":"https:\/\/barissanli.com\/eak\/wp-json\/wp\/v2\/posts"}],"about":[{"href":"https:\/\/barissanli.com\/eak\/wp-json\/wp\/v2\/types\/post"}],"author":[{"embeddable":true,"href":"https:\/\/barissanli.com\/eak\/wp-json\/wp\/v2\/users\/1"}],"replies":[{"embeddable":true,"href":"https:\/\/barissanli.com\/eak\/wp-json\/wp\/v2\/comments?post=2517"}],"version-history":[{"count":5,"href":"https:\/\/barissanli.com\/eak\/wp-json\/wp\/v2\/posts\/2517\/revisions"}],"predecessor-version":[{"id":2524,"href":"https:\/\/barissanli.com\/eak\/wp-json\/wp\/v2\/posts\/2517\/revisions\/2524"}],"wp:attachment":[{"href":"https:\/\/barissanli.com\/eak\/wp-json\/wp\/v2\/media?parent=2517"}],"wp:term":[{"taxonomy":"category","embeddable":true,"href":"https:\/\/barissanli.com\/eak\/wp-json\/wp\/v2\/categories?post=2517"},{"taxonomy":"post_tag","embeddable":true,"href":"https:\/\/barissanli.com\/eak\/wp-json\/wp\/v2\/tags?post=2517"}],"curies":[{"name":"wp","href":"https:\/\/api.w.org\/{rel}","templated":true}]}}