{"id":2409,"date":"2020-12-04T06:19:12","date_gmt":"2020-12-04T06:19:12","guid":{"rendered":"http:\/\/barissanli.com\/eak\/?p=2409"},"modified":"2020-12-04T06:57:18","modified_gmt":"2020-12-04T06:57:18","slug":"4-aralik-2020","status":"publish","type":"post","link":"https:\/\/barissanli.com\/eak\/2020\/12\/4-aralik-2020\/","title":{"rendered":"4 Aral\u0131k 2020"},"content":{"rendered":"\n<p>IEA <a href=\"https:\/\/www.iea.org\/reports\/energy-efficiency-2020\">Enerji Verimlili\u011fi 2020 raporu<\/a>, IEA&#8217;den hi\u00e7 al\u0131\u015f\u0131k olmad\u0131\u011f\u0131m\u0131z bir \u015fekilde k\u00f6t\u00fcmser. \u0130klim hedeflerine varmak i\u00e7in gerekli %3 y\u0131ldan y\u0131la enerji yo\u011funlu\u011fu iyile\u015fmesi en d\u00fc\u015f\u00fck seviyelerde. Ayr\u0131ca enerji yo\u011fun sekt\u00f6rler krizden daha az etkilenmi\u015f g\u00f6z\u00fck\u00fcyor. Yat\u0131r\u0131m da d\u00fc\u015ft\u00fc. k\u00f6t\u00fc.<\/p>\n\n\n\n<p><a href=\"https:\/\/amp.ft.com\/content\/1838d12b-5527-4cb9-bd08-0cd74c4f0d9f\">AB b\u00fct\u00e7esi<\/a>, do\u011fu Avrupa \u00fclkelerinin(Macaristan,Polonya,Bulgaristan,Slovakya,\u00c7ekya) 2030 emisyon hedefi i\u00e7in daha \u00e7ok para istemesi ile sallant\u0131da. AB 2030&#8217;a emisyonlar\u0131n\u0131 %55 azaltmak istiyor.<\/p>\n\n\n\n<p><a href=\"https:\/\/www.ft.com\/content\/981bef4d-3338-44cb-824d-39e953b287f7\">Danimarka<\/a> 100bin varil\/g\u00fcn petrol \u00fcretimi ve 3 milyar m3 gaz \u00fcretimi olan ama son ald\u0131\u011f\u0131 kararla yeni petrol-gaz arama ihalesi art\u0131k yapmayacak bir \u00fclke. Sebep iklim liderli\u011fi <\/p>\n\n\n\n<p>OPEC+ anla\u015fmas\u0131 sonucunda ne oldu. Ay ay tekrar g\u00f6r\u00fc\u015fecekler. Bir de  <a href=\"https:\/\/mobile.twitter.com\/JRJ_ALHAJRI\/status\/1334634522256805888\/photo\/1\">\u00fcretim kesintisinde kademeli d\u00fc\u015f\u00fc\u015f<\/a> olacak gibi.<\/p>\n\n\n\n<figure class=\"wp-block-image size-large\"><img loading=\"lazy\" decoding=\"async\" width=\"1008\" height=\"565\" src=\"https:\/\/barissanli.com\/eak\/wp-content\/uploads\/2020\/12\/EoWTBfQW4AMOfjs.jpg\" alt=\"\" class=\"wp-image-2411\" srcset=\"https:\/\/barissanli.com\/eak\/wp-content\/uploads\/2020\/12\/EoWTBfQW4AMOfjs.jpg 1008w, https:\/\/barissanli.com\/eak\/wp-content\/uploads\/2020\/12\/EoWTBfQW4AMOfjs-300x168.jpg 300w, https:\/\/barissanli.com\/eak\/wp-content\/uploads\/2020\/12\/EoWTBfQW4AMOfjs-768x430.jpg 768w\" sizes=\"(max-width: 1008px) 100vw, 1008px\" \/><\/figure>\n\n\n\n<p><\/p>\n\n\n\n<p><a href=\"http:\/\/cropmonitor.org\/\">Crop Monitor&#8217;e<\/a> g\u00f6re T\u00fcrkiye&#8217;de durum uygun. Bu rapor kurakl\u0131k raporlar\u0131 ile dengeli okunmal\u0131<\/p>\n\n\n\n<p>\u0130ngiltere&#8217;de elektrik kapasite sorunu duyurusu sonras\u0131 3 santral 999\u00a3\/MWh fiyat teklif etmi\u015f. <a href=\"https:\/\/mobile.twitter.com\/enappsys\/status\/1334548471324545026\">Ulusal \u015febeke<\/a> de ikisini \u00e7al\u0131\u015ft\u0131rmayaca\u011f\u0131m deyince \u00fc\u00e7\u00fcnc\u00fc fiyat\u0131 652\u00a3&#8217;a d\u00fc\u015f\u00fcrm\u00fc\u015f.<\/p>\n\n\n\n<p><a href=\"https:\/\/www.oxfordenergy.org\/publications\/unpacking-chinas-2060-carbon-neutrality-pledge\/\">Oxford Energy&#8217;nin<\/a> \u00c7in&#8217;in 2060 karbonsuzluk hedefini inceledi\u011fi raporuna g\u00f6re detay bir \u00e7al\u0131\u015fma yok, sadece bir hedef var. Gelecek 5 y\u0131ll\u0131k plan\u0131 g\u00f6rmek gerekecek. Ayr\u0131ca 2030&#8217;a kadar vaktini kullan\u0131p her\u015feyi 2030 sonras\u0131na b\u0131rakmas\u0131 da olas\u0131. Olsun yine de bir ad\u0131m diyor OE.<\/p>\n\n\n\n<p>Brent dramas\u0131 devam ediyor. <a href=\"https:\/\/www.spglobal.com\/platts\/en\/market-insights\/latest-news\/oil\/120320-infographic-global-oil-benchmark-wti-midland-dated-brent-platts\">Dated Brent, <\/a>yani y\u00fckleme tarihi belli kontrat bir s\u00fcredir d\u00fc\u015fen \u00fcretim sebebiyle bir ba\u015fka petrol\u00fc de sepete katmaya \u00e7al\u0131\u015f\u0131yordu. WTI Midland, yani bildi\u011fimiz WTI&#8217;da sepete eklenebilir. ABD 2015&#8217;te ham petrol ihracat yasa\u011f\u0131n\u0131 kald\u0131rm\u0131\u015ft\u0131.<\/p>\n\n\n\n<figure class=\"wp-block-image size-large\"><img loading=\"lazy\" decoding=\"async\" width=\"616\" height=\"426\" src=\"https:\/\/barissanli.com\/eak\/wp-content\/uploads\/2020\/12\/Screenshot_20201204-093310_Brave.jpg\" alt=\"\" class=\"wp-image-2417\" srcset=\"https:\/\/barissanli.com\/eak\/wp-content\/uploads\/2020\/12\/Screenshot_20201204-093310_Brave.jpg 616w, https:\/\/barissanli.com\/eak\/wp-content\/uploads\/2020\/12\/Screenshot_20201204-093310_Brave-300x207.jpg 300w\" sizes=\"(max-width: 616px) 100vw, 616px\" \/><\/figure>\n\n\n\n<p><br>Petrol fiyatlar\u0131 d\u00fc\u015ferken <a href=\"https:\/\/www.forbes.com\/sites\/thebakersinstitute\/2020\/11\/10\/why-have-us-natural-gas-prices-increased-post-covid\/\">ABD&#8217;de gaz fiyatlar\u0131 y\u00fckseldi<\/a>. ABD \u015fey \u00fcretimi d\u00fc\u015f\u00fcnce do\u011falgaz \u00fcretimi de d\u00fc\u015ft\u00fc. Mart-Haziran&#8217;da ham petrol \u00fcretimi %20 d\u00fc\u015ferken, do\u011falgaz \u00fcretimi de %10 d\u00fc\u015ft\u00fc. Petrol \u00fcretimine odakl\u0131 Permian,Bakken,Eagle Ford alanlar\u0131 gaz \u00fcretimindeki %80 d\u00fc\u015f\u00fc\u015ften sorumlu<\/p>\n\n\n\n<p>\u0130ngiltere de \u0131s\u0131tma sekt\u00f6r\u00fc 2016&#8217;daki toplam sera gaz\u0131 emisyonlar\u0131n\u0131n %37&#8217;sinden sorumlu. <a href=\"https:\/\/ukerc.ac.uk\/news\/heat-decarbonisation-in-the-uk-national-scenarios-vs-practical-local-options\/\">Is\u0131 pompalar\u0131<\/a> ile \u0131s\u0131 \u00fcretimi bir kombiden %30 daha az emisyon yo\u011fun (gCO2\/kWth). Hidrojenli kombi mi, \u0131s\u0131 pompalar\u0131 mi hibrit \u0131s\u0131 pompalar\u0131 m\u0131 mevcut kombilerin yerini alacak?<\/p>\n\n\n\n<p><a href=\"https:\/\/www.ft.com\/content\/b2d315c6-876a-4d95-8c8f-0df4b86ee532\">Biden<\/a> iklim de\u011fi\u015fikli\u011fini politkalar\u0131n merkezine almak konusunda ciddi. Sadece \u0130klim temsilcisi John Kerry&#8217;nin atanmas\u0131 de\u011fil, Asya temsilcisi de atayacak .ABD&#8217;de 3.\u00e7eyrek depolama kapasite art\u0131\u015f\u0131 476 MW oldu. Fakat e\u011fer ad\u0131mlarda ciddi isek k\u00fcresel olarak petrol ve k\u00f6m\u00fcr talebi halihaz\u0131rda zirveyi geride b\u0131rakm\u0131\u015f, do\u011falgazda 2025 gibi zirve g\u00f6r\u00fcyor olmas\u0131 laz\u0131m<\/p>\n\n\n\n<p><\/p>\n","protected":false},"excerpt":{"rendered":"<p>IEA Enerji Verimlili\u011fi 2020 raporu, IEA&#8217;den hi\u00e7 al\u0131\u015f\u0131k olmad\u0131\u011f\u0131m\u0131z bir \u015fekilde k\u00f6t\u00fcmser. \u0130klim hedeflerine varmak i\u00e7in gerekli %3 y\u0131ldan y\u0131la enerji yo\u011funlu\u011fu iyile\u015fmesi en d\u00fc\u015f\u00fck seviyelerde. Ayr\u0131ca enerji yo\u011fun sekt\u00f6rler krizden daha az etkilenmi\u015f g\u00f6z\u00fck\u00fcyor. Yat\u0131r\u0131m da d\u00fc\u015ft\u00fc. k\u00f6t\u00fc. AB b\u00fct\u00e7esi, do\u011fu Avrupa \u00fclkelerinin(Macaristan,Polonya,Bulgaristan,Slovakya,\u00c7ekya) 2030 emisyon hedefi i\u00e7in daha \u00e7ok para istemesi ile sallant\u0131da. AB &hellip; <a href=\"https:\/\/barissanli.com\/eak\/2020\/12\/4-aralik-2020\/\" class=\"more-link\">Continue reading <span class=\"screen-reader-text\">4 Aral\u0131k 2020<\/span><\/a><\/p>\n","protected":false},"author":1,"featured_media":0,"comment_status":"closed","ping_status":"closed","sticky":false,"template":"","format":"standard","meta":{"footnotes":""},"categories":[1],"tags":[133,76,60,137,40,125,134,135,138,69,136,84],"_links":{"self":[{"href":"https:\/\/barissanli.com\/eak\/wp-json\/wp\/v2\/posts\/2409"}],"collection":[{"href":"https:\/\/barissanli.com\/eak\/wp-json\/wp\/v2\/posts"}],"about":[{"href":"https:\/\/barissanli.com\/eak\/wp-json\/wp\/v2\/types\/post"}],"author":[{"embeddable":true,"href":"https:\/\/barissanli.com\/eak\/wp-json\/wp\/v2\/users\/1"}],"replies":[{"embeddable":true,"href":"https:\/\/barissanli.com\/eak\/wp-json\/wp\/v2\/comments?post=2409"}],"version-history":[{"count":8,"href":"https:\/\/barissanli.com\/eak\/wp-json\/wp\/v2\/posts\/2409\/revisions"}],"predecessor-version":[{"id":2419,"href":"https:\/\/barissanli.com\/eak\/wp-json\/wp\/v2\/posts\/2409\/revisions\/2419"}],"wp:attachment":[{"href":"https:\/\/barissanli.com\/eak\/wp-json\/wp\/v2\/media?parent=2409"}],"wp:term":[{"taxonomy":"category","embeddable":true,"href":"https:\/\/barissanli.com\/eak\/wp-json\/wp\/v2\/categories?post=2409"},{"taxonomy":"post_tag","embeddable":true,"href":"https:\/\/barissanli.com\/eak\/wp-json\/wp\/v2\/tags?post=2409"}],"curies":[{"name":"wp","href":"https:\/\/api.w.org\/{rel}","templated":true}]}}