{"id":2353,"date":"2020-11-27T06:19:57","date_gmt":"2020-11-27T06:19:57","guid":{"rendered":"http:\/\/barissanli.com\/eak\/?p=2353"},"modified":"2020-11-27T07:03:36","modified_gmt":"2020-11-27T07:03:36","slug":"27-kasim-2020","status":"publish","type":"post","link":"https:\/\/barissanli.com\/eak\/2020\/11\/27-kasim-2020\/","title":{"rendered":"27 Kas\u0131m 2020"},"content":{"rendered":"\n<p>&#8220;K\u00fcresel olarak da uygulansa <a href=\"https:\/\/www.ineteconomics.org\/perspectives\/blog\/how-big-a-difference-does-setting-a-carbon-price-make-carbon-pricing-and-the-elasticity-of-co2-emissions\">karbon fiyatlamas\u0131 <\/a>mevcut seviyeleri ile hi\u00e7bir hedefe eri\u015fmemizi sa\u011flam\u0131yor&#8221;. 1$\/ton CO2 fiyat\u0131, emisyon art\u0131\u015f\u0131n\u0131 sanayide %0.01, elektrik ve \u0131s\u0131da %0.2, binalarda %0.15 ve yollarda %0.75 d\u00fc\u015f\u00fcr\u00fcyor. <\/p>\n\n\n\n<p>T\u00fcketiciye t\u00fcketimi konusunda nas\u0131l bilgi verirsek etkisi ne olur? <a href=\"https:\/\/www.nature.com\/articles\/s41560-020-00719-z\">Nature energy&#8217;de davran\u0131\u015fsal inceleme \u0130talya&#8217;da yap\u0131lm\u0131\u015f<\/a>. Bir say\u0131sal k\u0131yaslama bir de say\u0131 vermeden kategorik k\u0131yaslama(thumbs up). Y\u00fcksek elektrik t\u00fcketenlerde say\u0131sal k\u0131yaslama, d\u00fc\u015f\u00fck elektrik t\u00fcketenlerde kategorik bilgi daha iyiymi\u015f.<\/p>\n\n\n\n<figure class=\"wp-block-image size-large\"><img loading=\"lazy\" decoding=\"async\" width=\"1024\" height=\"749\" src=\"https:\/\/barissanli.com\/eak\/wp-content\/uploads\/2020\/11\/Screenshot_20201127-094843_Firefox-1024x749.jpg\" alt=\"\" class=\"wp-image-2358\" srcset=\"https:\/\/barissanli.com\/eak\/wp-content\/uploads\/2020\/11\/Screenshot_20201127-094843_Firefox-1024x749.jpg 1024w, https:\/\/barissanli.com\/eak\/wp-content\/uploads\/2020\/11\/Screenshot_20201127-094843_Firefox-300x219.jpg 300w, https:\/\/barissanli.com\/eak\/wp-content\/uploads\/2020\/11\/Screenshot_20201127-094843_Firefox-768x562.jpg 768w, https:\/\/barissanli.com\/eak\/wp-content\/uploads\/2020\/11\/Screenshot_20201127-094843_Firefox.jpg 1224w\" sizes=\"(max-width: 1024px) 100vw, 1024px\" \/><\/figure>\n\n\n\n<p>13 y\u0131ld\u0131r en b\u00fcy\u00fck \u00f6zel \u015firket olarak zirvede olan <a href=\"https:\/\/m.startribune.com\/cargill-loses-title-of-largest-private-company-in-u-s\/573194221\/\">Cargill, Koch Industries taraf\u0131ndan ge\u00e7ilerek yerini kaybetti<\/a>. Forbes&#8217;in 35 y\u0131ll\u0131k tarihinde 3.defa Cargill yerini kaybetmi\u015f. Tar\u0131m devi Cargill&#8217;in 2020 geliri 114 milyar $<\/p>\n\n\n\n<p>Avrupa&#8217;da benzin ve dizel talebi ikinci dalga ile<a href=\"https:\/\/mobile.twitter.com\/JavierBlas\/status\/1331934174819790848\"> 15 Kas\u0131m&#8217;da tekrar dip yapt\u0131<\/a> ama \u015fimdi tekrar yukar\u0131 hareketleniyor.<\/p>\n\n\n\n<p>Me\u015fhur <a href=\"https:\/\/www.cleanenergywire.org\/news\/more-durable-consumer-goods-can-contribute-significantly-ghg-reduction-study\">\u00d6ko enstit\u00fcs\u00fcne<\/a> g\u00f6re daha dayan\u0131kl\u0131 \u00fcr\u00fcnler ve bunlar\u0131n uzun s\u00fcreli kullan\u0131m\u0131 emisyonlar\u0131 \u00f6nemli miktarda azaltabilir. AB Eko-tasar\u0131m kanununda minimum dayan\u0131kl\u0131l\u0131k kurallar\u0131 yay\u0131nlas\u0131n denilmi\u015f.<\/p>\n\n\n\n<p>B\u00fcy\u00fcyen \u00c7in ile birlikte <a href=\"https:\/\/www.home.saxo\/content\/articles\/commodities\/commodity-roll-yields-26112020\">emtia fiyatlar\u0131 <\/a>2000&#8217;den 2008&#8217;deki zirvesine %160 artm\u0131\u015ft\u0131. Bu bir \u00e7ok teknolojik yenilik (shale,g\u00fcne\u015f) getirmi\u015fti. \u015eimdi tekrar bir k\u0131p\u0131rdanma va ve kontratlar\u0131 ileri do\u011fru aktarma(roll) giderek art\u0131yor.<\/p>\n\n\n\n<p><a href=\"https:\/\/www.spglobal.com\/ratings\/en\/research\/articles\/200318-covid-19-coronavirus-related-public-rating-actions-on-non-financial-corporations-to-date-11393186\">S&amp;P&#8217;ye g\u00f6re<\/a> kredi derecesi d\u00fc\u015f\u00fcr\u00fclen \u015firket ve gruplarda enerji sekt\u00f6r\u00fc en \u00e7ok etkilenenlerde<\/p>\n\n\n\n<p><a href=\"https:\/\/www.cleanenergywire.org\/news\/consensus-need-ccs-reach-climate-goals-growing-germany\">Karbon yakalama ve saklama <\/a>Almanya&#8217;da tart\u0131\u015fmal\u0131yd\u0131, daha fazla fosil yak\u0131t kullan\u0131m\u0131n\u0131 sa\u011flar diye. Uzmanlar ve politikac\u0131lar tar\u0131m ve sanayide azalt\u0131m i\u00e7in CCS&#8217;e ihtiya\u00e7 olacak diyor. Ye\u015filler : &#8220;sanayi emisyonlar\u0131n\u0131 \u00f6nlemek i\u00e7in t\u00fcm opsiyonlar masada olmal\u0131&#8221;<\/p>\n\n\n\n<p>Mo\u011folistan&#8217;daki <a href=\"https:\/\/amp.ft.com\/content\/572c7a38-7528-4287-966b-df96dac7095c\">Oyu Tolgoi bak\u0131r madeniyle<\/a> alakal\u0131 kavga devam ediyor. Ulanbatur hisselerin %34&#8217;\u00fcn\u00fc kontrol ediyor ama yeralt\u0131 madeni i\u00e7in ilk halinde 5.3 milyar $l\u0131k maliyet 3&#8217;te 1 artm\u0131\u015f . Mo\u011follar da bu maliyet art\u0131\u015f\u0131n\u0131n sebebini g\u00f6relim demi\u015f.<\/p>\n\n\n\n<p><a href=\"https:\/\/uk.mobile.reuters.com\/article\/amp\/idUKKBN28703T\">Meksika&#8217;n\u0131n petrol \u015firketi Pemex yak\u0131nda 2021<\/a> i\u00e7in koruma-hedge e ba\u015flayacakm\u0131\u015f. 2020&#8217;de bu kontratlardan 377 milyon $ kalm\u0131\u015f. Ama meksikada bir de maliye bakanl\u0131\u011f\u0131n\u0131n koruma kontratlar\u0131 var ki bunlar\u0131n de\u011feri 1 milyar $<\/p>\n\n\n\n<p>Fransa, <a href=\"https:\/\/mobile.twitter.com\/JMGlachant\/status\/1332198436670738432\">EDF taraf\u0131ndan \u00fcretilecek n\u00fckleer elektrik<\/a> i\u00e7in AB ile anla\u015fmaya yak\u0131nm\u0131\u015f. Olursa 45-40\u20ac\/MWh band\u0131nda<\/p>\n\n\n\n<p>Uydu verilerine g\u00f6re (bilimi \u00f6ne s\u00fcrerek) <a href=\"https:\/\/mobile.twitter.com\/TSXcapital\/status\/1331988068916625410\">2012&#8217;de Arktik buzun tamam\u0131n\u0131n <\/a>eriyece\u011fi \u00f6ng\u00f6r\u00fclm\u00fc\u015f. 12 Aral\u0131k 2007&#8217;de. 2009&#8217;da da Al Gore 5 y\u0131lda Kuzey Kutbunda buz kalmayacak demi\u015f.<\/p>\n\n\n\n<p><a href=\"https:\/\/www.argusmedia.com\/en\/news\/2163705-nwe-diesel-margins-breach-6bl-ceiling\">Dizel&#8217;in Kuzey Denizi ham petrol\u00fcne g\u00f6re premiumu 6$\/varile ula\u015fm\u0131\u015f<\/a>. Eyl\u00fclde bu 21 senenin en d\u00fc\u015f\u00fc\u011f\u00fc olan 2.2$\/varil&#8217;e d\u00fc\u015fm\u00fc\u015ft\u00fc. Norve\u00e7te rafineri kullan\u0131m oran\u0131 %69&#8217;da. Bu y\u00fcksekli\u011fin sebebi de ABD&#8217;ye y\u00fcksek dizel ihracat\u0131ym\u0131\u015f. Bir di\u011feri de Alman m\u00fc\u015fteriler Ocak&#8217;taki karbon vergisi \u00f6ncesi stok yap\u0131yorlarm\u0131\u015f. Ge\u00e7en sene 15$\/varil seviyelerindeydi.<\/p>\n\n\n\n<p><a href=\"https:\/\/www.ft.com\/content\/bbd59494-ac64-4dda-8da5-a2990d8936d3\">Japon h\u00fck\u00fcmeti e\u011fer yenilenebilir kurallar\u0131n\u0131 <\/a>rahatlatmazsa Sony fabrikalar\u0131n\u0131 Japonya d\u0131\u015f\u0131na ta\u015f\u0131yacak. Facebook, Apple 100% yenilenebilir elektrikten \u00fcretirken Japonya&#8217;da yenilenebilir hem pahal\u0131 hem de kurallar esnek de\u011fil. Japonya elektrikte 2018&#8217;de %17 olan oran\u0131 2030&#8217;da %24&#8217;e \u00e7\u0131karmak istiyor. Japonya&#8217;da \u00fcretim yapanlar\u0131n sadece %1&#8217;i yenilenebilir enerji kullan\u0131yormu\u015f.<\/p>\n\n\n\n<p><\/p>\n","protected":false},"excerpt":{"rendered":"<p>&#8220;K\u00fcresel olarak da uygulansa karbon fiyatlamas\u0131 mevcut seviyeleri ile hi\u00e7bir hedefe eri\u015fmemizi sa\u011flam\u0131yor&#8221;. 1$\/ton CO2 fiyat\u0131, emisyon art\u0131\u015f\u0131n\u0131 sanayide %0.01, elektrik ve \u0131s\u0131da %0.2, binalarda %0.15 ve yollarda %0.75 d\u00fc\u015f\u00fcr\u00fcyor. T\u00fcketiciye t\u00fcketimi konusunda nas\u0131l bilgi verirsek etkisi ne olur? Nature energy&#8217;de davran\u0131\u015fsal inceleme \u0130talya&#8217;da yap\u0131lm\u0131\u015f. Bir say\u0131sal k\u0131yaslama bir de say\u0131 vermeden kategorik k\u0131yaslama(thumbs up). &hellip; <a href=\"https:\/\/barissanli.com\/eak\/2020\/11\/27-kasim-2020\/\" class=\"more-link\">Continue reading <span class=\"screen-reader-text\">27 Kas\u0131m 2020<\/span><\/a><\/p>\n","protected":false},"author":1,"featured_media":0,"comment_status":"closed","ping_status":"closed","sticky":false,"template":"","format":"standard","meta":{"footnotes":""},"categories":[1],"tags":[100,94,102,97,99,96,101,98,21],"_links":{"self":[{"href":"https:\/\/barissanli.com\/eak\/wp-json\/wp\/v2\/posts\/2353"}],"collection":[{"href":"https:\/\/barissanli.com\/eak\/wp-json\/wp\/v2\/posts"}],"about":[{"href":"https:\/\/barissanli.com\/eak\/wp-json\/wp\/v2\/types\/post"}],"author":[{"embeddable":true,"href":"https:\/\/barissanli.com\/eak\/wp-json\/wp\/v2\/users\/1"}],"replies":[{"embeddable":true,"href":"https:\/\/barissanli.com\/eak\/wp-json\/wp\/v2\/comments?post=2353"}],"version-history":[{"count":8,"href":"https:\/\/barissanli.com\/eak\/wp-json\/wp\/v2\/posts\/2353\/revisions"}],"predecessor-version":[{"id":2363,"href":"https:\/\/barissanli.com\/eak\/wp-json\/wp\/v2\/posts\/2353\/revisions\/2363"}],"wp:attachment":[{"href":"https:\/\/barissanli.com\/eak\/wp-json\/wp\/v2\/media?parent=2353"}],"wp:term":[{"taxonomy":"category","embeddable":true,"href":"https:\/\/barissanli.com\/eak\/wp-json\/wp\/v2\/categories?post=2353"},{"taxonomy":"post_tag","embeddable":true,"href":"https:\/\/barissanli.com\/eak\/wp-json\/wp\/v2\/tags?post=2353"}],"curies":[{"name":"wp","href":"https:\/\/api.w.org\/{rel}","templated":true}]}}