{"id":2326,"date":"2020-11-23T06:57:39","date_gmt":"2020-11-23T06:57:39","guid":{"rendered":"http:\/\/barissanli.com\/eak\/?p=2326"},"modified":"2020-11-23T06:57:39","modified_gmt":"2020-11-23T06:57:39","slug":"21-22-kasim-2020-haftasonundan-kalanlar","status":"publish","type":"post","link":"https:\/\/barissanli.com\/eak\/2020\/11\/21-22-kasim-2020-haftasonundan-kalanlar\/","title":{"rendered":"21-22 Kas\u0131m 2020 &#8211; Haftasonundan kalanlar"},"content":{"rendered":"\n<p>\u00c7in&#8217;in <a href=\"https:\/\/www.straitstimes.com\/asia\/east-asia\/the-secret-origins-of-chinas-40-year-plan-to-end-carbon-emissions\">2060&#8217;da karbon emisyonlar\u0131nda net n\u00f6tr olma hedefinin<\/a> arkas\u0131nda Tsinghua \u00dcniversitesinden Prof Xie Zhenhua \u00e7\u0131kt\u0131. Yaz\u0131da \u00e7ok \u00f6nemli noktalar var. &#8220;\u0130nsanlar \u00fclkenizin \u00e7\u0131kar\u0131n\u0131 korudu\u011funuz i\u00e7in size sayg\u0131 duyarlar&#8221;. Ayr\u0131ca k\u00f6m\u00fcr k\u0131sm\u0131ndaki bir kafa kar\u0131\u015f\u0131kl\u0131\u011f\u0131na da at\u0131fta bulunuluyor. Temiz hava ayr\u0131, CO2 emisyonsuz ayr\u0131 gibi. Partinin de temiz ve verimli k\u00f6m\u00fcr temiz enerjidir dedi\u011fine at\u0131f var.<\/p>\n\n\n\n<p>MIT&#8217;den Donald Sadoway&#8217;in s\u00f6yledi\u011fi \u015fu s\u00f6z ak\u0131lda kal\u0131c\u0131. Elektrik \u015febekesi : &#8220;<a href=\"https:\/\/www.ft.com\/content\/7c07e492-41eb-4488-bc34-77b9d806ed5c?shareType=nongift\">s\u0131f\u0131r stokla \u00e7al\u0131\u015fan d\u00fcnyan\u0131n en b\u00fcy\u00fck tedarik zinciri<\/a>&#8220;. \u015eu anda d\u00fcnyadaki depolaman\u0131n %97si, su pompalamaya dayanan hidrosantrallerde (pompaj hidro laf\u0131n\u0131 hi\u00e7 sevemedim). Ama lityum pil yang\u0131nlar\u0131 \u00f6nemli. G\u00fcney Korede 2017-2018&#8217;de 33 yang\u0131n olmu\u015f. uzun vadeli depolaa ise Vanadium Redox pilleri var Dalian (KD \u00c7in)&#8217;da 800 MW Vanadium  sistem in\u015fa ediliyor. Vanadium fiyatlar\u0131 da 127$\/kg&#8217;dan 25$\/kg&#8217;a d\u00fc\u015fm\u00fc\u015f.<\/p>\n\n\n\n<p>ABD&#8217;de bizim <a href=\"https:\/\/www.ft.com\/content\/7f1b022d-258e-450f-86dd-b4468fc8beb4\">LPG dedi\u011fimiz t\u00fcpler daha \u00e7ok propan tanklar\u0131<\/a> olarak biliniyor.Propan t\u00fcp sat\u0131\u015flar\u0131 2019&#8217;daki 284 milyon galondan 500 milyon galona \u00e7\u0131km\u0131\u015f. Sebebi ise restoranlar\u0131n d\u0131\u015far\u0131da yemek vermesi ve bunun i\u00e7in propan \u0131s\u0131tma kullan\u0131lmas\u0131. Baz\u0131 eyaletler bu konuda restoranlara destek de oluyor.<\/p>\n\n\n\n<p><a href=\"https:\/\/mobile.twitter.com\/Reuters\/status\/1329962735149387778\">Tyssenkrupp<\/a> \u00e7elik aya\u011f\u0131 ge\u00e7en sene 1 milyar euro kaybetmesine ra\u011fmen, Almanya CO2 emisyonlar\u0131n\u0131n %3\u00fcn\u00fcn sebebiymi\u015f. Hidrojene ge\u00e7mesi ise 7 milyar euroya mal olabilirmi\u015f. Hidrojende yenilenebilirden gelecekse, 1 y\u0131lda \u0130ngiltere&#8217;nin r\u00fczgar \u00fcretiminin 4&#8217;te 1&#8217;ini t\u00fcketebilir.<\/p>\n\n\n\n<p><a href=\"https:\/\/www.argusmedia.com\/en\/news\/2162302-abu-dhabi-boosts-reserves-with-unconventional-oil\">Abu Dhabi<\/a> 2 milyar geleneksel, 22 milyar varil de geleneksel olmayan karada petrol kayna\u011f\u0131 rezevi ekledi. Bu rezerv art\u0131\u015f\u0131 daha \u00e7ok \u00fcretim anlam\u0131na gelebilir. OPEC \u00fcyeleri rezervleri oran\u0131nda da kotalar belirliyordu.<\/p>\n\n\n\n<p><a href=\"https:\/\/mobile.twitter.com\/dr_olsson\/status\/1330645402492743682\">\u0130sve\u00e7 madencilik grubu LKAB<\/a>, 40 milyar \u20ac yat\u0131r\u0131mla,do\u011frudan hidrojenden \u00e7elik \u00fcretece\u011fini duyurdu. Bu da 50-55 TWh elektrik t\u00fcketecek. T\u00fcrkiye&#8217;nin t\u00fcketiminin 6&#8217;da 1&#8217;i.<\/p>\n\n\n\n<p><a href=\"https:\/\/www.pbs.org\/newshour\/amp\/show\/biden-has-big-climate-change-plans-but-can-he-get-it-done\">Biden-Harris y\u00f6netiminin<\/a> 2 trilyon $&#8217;l\u0131k iklim de\u011fi\u015fikli\u011fi ile m\u00fccadele paketi &#8220;<a href=\"https:\/\/climate21.org\/\">Climate 21<\/a>&#8221; konusunda Columbia SIPA&#8217;dan Jason Bordoff konu\u015fmu\u015f. Senato ellerinde olmasa da EPA ve Temiz Hava kanunu kullanarak bir\u015feyler yapabilirler denmi\u015f. Her t\u00fcrl\u00fc uluslararas\u0131 platformda da iklim de\u011fi\u015fikli\u011fini g\u00fcndeme getirme amac\u0131 var. ABD&#8217;de \u00e7ok d\u00fc\u015f\u00fck faizler faydal\u0131 olabilirmi\u015f.<\/p>\n\n\n\n<p>Brent&#8217;te s\u0131k\u0131la\u015fma devam ediyor. Derin kontangolardan buralar geldik. Yani beklentiler pozitif, ger\u00e7ekler 40&#8217;\u0131n etraf\u0131. Dikkat etmeniz gereken \u015fey 2024 sonuna kadar 50$\/v g\u00f6z\u00fckm\u00fcyor. (Kaynak Art Berman)<\/p>\n\n\n\n<figure class=\"wp-block-image size-large\"><img loading=\"lazy\" decoding=\"async\" width=\"685\" height=\"496\" src=\"https:\/\/barissanli.com\/eak\/wp-content\/uploads\/2020\/11\/Enb-l5TXEAEGmww.png\" alt=\"\" class=\"wp-image-2327\" srcset=\"https:\/\/barissanli.com\/eak\/wp-content\/uploads\/2020\/11\/Enb-l5TXEAEGmww.png 685w, https:\/\/barissanli.com\/eak\/wp-content\/uploads\/2020\/11\/Enb-l5TXEAEGmww-300x217.png 300w\" sizes=\"(max-width: 685px) 100vw, 685px\" \/><\/figure>\n","protected":false},"excerpt":{"rendered":"<p>\u00c7in&#8217;in 2060&#8217;da karbon emisyonlar\u0131nda net n\u00f6tr olma hedefinin arkas\u0131nda Tsinghua \u00dcniversitesinden Prof Xie Zhenhua \u00e7\u0131kt\u0131. Yaz\u0131da \u00e7ok \u00f6nemli noktalar var. &#8220;\u0130nsanlar \u00fclkenizin \u00e7\u0131kar\u0131n\u0131 korudu\u011funuz i\u00e7in size sayg\u0131 duyarlar&#8221;. Ayr\u0131ca k\u00f6m\u00fcr k\u0131sm\u0131ndaki bir kafa kar\u0131\u015f\u0131kl\u0131\u011f\u0131na da at\u0131fta bulunuluyor. Temiz hava ayr\u0131, CO2 emisyonsuz ayr\u0131 gibi. Partinin de temiz ve verimli k\u00f6m\u00fcr temiz enerjidir dedi\u011fine at\u0131f var. &hellip; <a href=\"https:\/\/barissanli.com\/eak\/2020\/11\/21-22-kasim-2020-haftasonundan-kalanlar\/\" class=\"more-link\">Continue reading <span class=\"screen-reader-text\">21-22 Kas\u0131m 2020 &#8211; Haftasonundan kalanlar<\/span><\/a><\/p>\n","protected":false},"author":1,"featured_media":0,"comment_status":"closed","ping_status":"closed","sticky":false,"template":"","format":"standard","meta":{"footnotes":""},"categories":[1],"tags":[76,77,41,79,75,78],"_links":{"self":[{"href":"https:\/\/barissanli.com\/eak\/wp-json\/wp\/v2\/posts\/2326"}],"collection":[{"href":"https:\/\/barissanli.com\/eak\/wp-json\/wp\/v2\/posts"}],"about":[{"href":"https:\/\/barissanli.com\/eak\/wp-json\/wp\/v2\/types\/post"}],"author":[{"embeddable":true,"href":"https:\/\/barissanli.com\/eak\/wp-json\/wp\/v2\/users\/1"}],"replies":[{"embeddable":true,"href":"https:\/\/barissanli.com\/eak\/wp-json\/wp\/v2\/comments?post=2326"}],"version-history":[{"count":1,"href":"https:\/\/barissanli.com\/eak\/wp-json\/wp\/v2\/posts\/2326\/revisions"}],"predecessor-version":[{"id":2328,"href":"https:\/\/barissanli.com\/eak\/wp-json\/wp\/v2\/posts\/2326\/revisions\/2328"}],"wp:attachment":[{"href":"https:\/\/barissanli.com\/eak\/wp-json\/wp\/v2\/media?parent=2326"}],"wp:term":[{"taxonomy":"category","embeddable":true,"href":"https:\/\/barissanli.com\/eak\/wp-json\/wp\/v2\/categories?post=2326"},{"taxonomy":"post_tag","embeddable":true,"href":"https:\/\/barissanli.com\/eak\/wp-json\/wp\/v2\/tags?post=2326"}],"curies":[{"name":"wp","href":"https:\/\/api.w.org\/{rel}","templated":true}]}}