{"id":22,"date":"2016-08-18T17:57:27","date_gmt":"2016-08-18T17:57:27","guid":{"rendered":"http:\/\/barissanli.com\/eak\/?p=22"},"modified":"2016-09-07T20:00:57","modified_gmt":"2016-09-07T20:00:57","slug":"18-agustos-2016","status":"publish","type":"post","link":"https:\/\/barissanli.com\/eak\/2016\/08\/18-agustos-2016\/","title":{"rendered":"18 A\u011fustos 2016"},"content":{"rendered":"<p><strong><b>\u00a0\u201cNullius\u00a0in\u00a0verba\u201d,<\/b><\/strong>\u00a0hi\u00e7\u00a0kimsenin\u00a0s\u00f6z\u00fcn\u00fc\u00a0\u2013hemen-\u00a0do\u011fru\u00a0diye\u00a0kabul\u00a0etme,\u00a0Royal\u00a0Society\u2019nin\u00a0de\u00a0mottosu.\u00a0Petrol\u00a0fiyatlar\u0131\u00a0konusunda\u00a0bu\u00a0yanl\u0131\u015fa\u00a0\u00e7okca\u00a0d\u00fc\u015f\u00fcyoruz,\u00a0hep\u00a0bizden\u00a0daha\u00a0iyi\u00a0\u201ctrader\u201dlar\u0131n\u00a0a\u00e7\u0131klamalar\u0131n\u0131\u00a0baz\u00a0al\u0131yoruz,\u00a0bu\u00a0da\u00a0emtia\u00a0piyasalar\u0131nda\u00a0bir\u00a0\u201cs\u00fcr\u00fc\u201d\u00a0psikolojisi\u00a0olu\u015fturuyor\u00a0gibi.\u00a0\u00a0Ama\u00a0bence\u00a0g\u00fcn\u00fcn\u00a0\u00f6nemli\u00a0haberi\u00a0GE\u2019nin\u00a0k\u00f6m\u00fcre\u00a0daha\u00a0\u00e7ok\u00a0e\u011filece\u011fi\u00a0haberi,\u00a0acaba\u00a0ne\u00a0g\u00f6rd\u00fcler?\u00a0Y\u00fckselen\u00a0do\u011fal\u00a0gaz\u00a0fiyatlar\u0131,\u00a0yenilenebilir\u00a0de\u00a0bir\u00a0sorun\u00a0mu?<\/p>\n<p>\u0130klim\u00a0<a href=\"https:\/\/twitter.com\/EffectSea_iklim\"><u>konusunda\u00a0tweetlerden<\/u><\/a>\u00a0d\u00fcn\u00a0ak\u015fam\u00a0ilgin\u00e7\u00a0bir\u00a0\u00f6ng\u00f6r\u00fc\u00a0geldi.\u00a0T\u00fcrkiye\u2019de\u00a0ve\u00a0Avrupa\u00a0da\u00a01963\u00a0k\u0131\u015f\u0131\u00a0\u2013ki\u00a0\u00e7ok\u00a0\u00e7etin\u00a0ge\u00e7mi\u015f,\u00a02017\u2019de\u00a0ya\u015fanabilir\u00a0diye.\u00a0Sebepler:\u00a0G\u00fcne\u015f\u00a0aktivitesinin\u00a0tersine\u00a0d\u00f6nmesi\u00a0(azalmas\u0131),\u00a0La\u00a0nina.\u00a0En\u00a0son\u00a0\u00c7in\u00a0tahminleri\u00a0de\u00a0Aral\u0131k-Mart\u2019\u0131\u00a0T\u00fcrkiye\u2019de\u00a02C\u00a0daha\u00a0so\u011fuk\u00a0g\u00f6stermi\u015f.\u00a0Hava\u00a0tahminleri\u00a0yalan\u00a0olsa\u00a0da\u00a0daha\u00a0do\u011frusu\u00a0\u015fimdilik\u00a0yok.<\/p>\n<p>&nbsp;<\/p>\n<p><strong><b>Bilgiler<\/b><\/strong><\/p>\n<p>D\u00fcnya\u00a0petrolden\u00a0kurulu\u00a0de\u011fil,\u00a0bal\u0131k\u00a0da\u00a0\u00f6nemli.\u00a0G\u00fcney\u00a0denizindeki\u00a0\u00c7in\u00a0ve\u00a0Filipinler\u00a0aras\u0131ndaki\u00a0tahkim\u00a0davalar\u0131n\u0131n\u00a0as\u0131l\u00a0<a href=\"http:\/\/theconversation.com\/fishing-not-oil-is-at-the-heart-of-the-south-china-sea-dispute-63580\"><u>sebebi\u00a0bal\u0131k\u00e7\u0131l\u0131k\u00a0ekonomisiymi\u015f<\/u><\/a>.\u00a0Alan\u00a03365\u00a0t\u00fcr\u00a0bal\u0131\u011fa\u00a0ve\u00a0d\u00fcnya\u00a0bal\u0131k\u00a0avc\u0131l\u0131\u011f\u0131n\u0131n\u00a0%12si,\u00a021.8\u00a0milyar\u00a0$l\u0131k\u00a0ekonomisi\u00a0bu\u00a0b\u00f6lgeden\u00a0geliyormu\u015f.\u00a03.7\u00a0milyon\u00a0insan\u00a0da\u00a0bu\u00a0b\u00f6lgedeki\u00a0bal\u0131k\u00e7\u0131l\u0131k\u00a0sayesinde\u00a0istihdam\u00a0ediliyor.<\/p>\n<p>Bat\u0131\u00a0Afrika\u00a0sahilinde\u00a0Gana\u00a0g\u00fcnl\u00fck\u00a080bin\u00a0varil\/g\u00fcn\u00a0<a href=\"http:\/\/www.upi.com\/Business_News\/Energy-Industry\/2016\/08\/18\/Oil-now-flowing-from-offshore-Ghana\/6281471520511\/\"><u>\u00fcretime\u00a0ba\u015flad\u0131<\/u><\/a>.\u00a0Ayr\u0131ca\u00a0\u00fcretilecek\u00a0do\u011falgaz\u0131n\u00a0da\u00a0de\u011ferlendirilmesi\u00a0g\u00fcndemde.\u00a0Tullow\u00a0Petrol\u00a0taraf\u0131ndan\u00a0yap\u0131lan\u00a0\u00fcretimin\u00a0yan\u0131nda\u00a0Fildi\u015fi\u00a0Sahilleri\u00a0ile\u00a0Gana\u00a0aras\u0131nda\u00a02017\u2019de\u00a0\u00e7\u00f6z\u00fcme\u00a0kavu\u015fturulmas\u0131\u00a0beklenen\u00a010\u00a0saha\u00a0da\u00a0var.\u00a0T\u00fcm\u00a0afrikan\u0131n\u00a0bu\u00a0sene\u00a02.1\u00a0milyon\u00a0v\/g(2015\u2019e\u00a0g\u00f6re\u00a0-30000)\u00a0\u00fcretimesi\u00a0bekleniyor.<\/p>\n<p>T\u00fcrkiye\u2019de\u00a0elektrik\u00a0talebinin\u00a0olmazsa\u00a0olmaz\u0131\u00a0\u00e7elik\u00a0talebidir.\u00a0Faizlerin\u00a0d\u00fc\u015fmesi\u00a0ve\u00a0konut\u00a0ile\u00a0birlikte\u00a0\u00e7elik\u00a0talebinde\u00a0\u00a0art\u0131\u015f\u00a0bekliyor\u00a0<a href=\"http:\/\/www.paraanaliz.com\/2016\/ekonomi\/konutta-faiz-indi-celik-talebi-patladi-1452\/\"><u>\u00c7elik\u00a0\u00dcreticileri\u00a0Derne\u011fi<\/u><\/a>.\u00c7elik\u00a0talebi\u00a0elektrik\u00a0talebini\u00a0de\u00a0canland\u0131racakt\u0131r,\u00a0e\u011fer\u00a0\u00c7in\u00a0s\u00fcbvanseli\u00a0\u00e7elik\u00a0ile\u00a0yerli\u00a0firmalar\u0131n\u00a0pazar\u0131n\u0131\u00a0k\u00fc\u00e7\u00fcltmezse<\/p>\n<p><a href=\"http:\/\/www.wired.com\/2016\/08\/can-california-cut-methane-emissions-cows-keep-cutting-cheese\/?mbid=social_twitter\"><u>California\u00a0Hava\u00a0Kaynaklar\u0131\u00a0komisyonu<\/u><\/a>\u00a02030\u2019a\u00a0kadar\u00a0metan\u00a0emisyonlar\u0131n\u0131\u00a0%40\u00a0azaltmay\u0131\u00a0hedefliyor.\u00a0Bu\u00a0sebeple\u00a0b\u00f6lgedeki\u00a0inekler\u00a0de\u00a0bu\u00a0\u00e7evreci\u00a0amaca\u00a0hizmet\u00a0etmek\u00a0i\u00e7in\u00a0strateji\u00a0raporu\u00a0ile\u00a0g\u00fcndeme\u00a0geldi.\u00a0Strateji\u00a0d\u00f6k\u00fcman\u0131nda\u00a0tezek\u00a0y\u00f6netim\u00a0pratikleri,\u00a0hayvanlar\u00a0i\u00e7in\u00a0yeni\u00a0beslenme\u00a0re\u00e7etesi\u00a0ve\u00a0kar\u0131ndaki\u00a0mikroorganizmalara\u00a0m\u00fcdahale\u00a0ile\u00a0metan\u00a0emisyonlar\u0131\u00a0azalt\u0131lacak.<\/p>\n<p>OPEC+\u2019in\u00a0\u00fcretimi\u00a0s\u0131n\u0131rlama\u00a0anla\u015fmas\u0131\u00a0yanl\u0131\u015f\u00a0soru,\u00a0as\u0131l\u00a0soru\u00a0<a href=\"http:\/\/uk.reuters.com\/article\/column-russell-crude-opec-idUKL3N1AZ1ND\"><u>\u00fcretim\u00a0limiti\u00a0getirirlerse\u00a0bir\u00a0i\u015fe\u00a0yarar\u00a0m\u0131<\/u><\/a>?\u00a0E\u011fer\u00a0bir\u00a0anla\u015fmaya\u00a0var\u0131lsa\u00a0da\u00a0bu\u00a0daha\u00a0\u00e7ok\u00a0ABD\u00a0\u015feyl\u00a0ve\u00a0Kanada\u00a0petrol\u00a0kumu\u00a0firmalar\u0131n\u0131n\u00a0\u00fcretimini\u00a0artt\u0131rmalar\u0131na\u00a0yarar\u00a0deniyor.\u00a0Kald\u0131\u00a0ki\u00a0jeopolitik\u00a0s\u0131k\u0131nt\u0131lar\u00a0sebebi\u00a0ile\u00a0\u00fcretimi\u00a0d\u00fc\u015fen\u00a0Nijerya\u00a0gibi\u00a0\u00fclkelerde\u00a0bu\u00a0anla\u015fmalara\u00a0girmeyebilir.<\/p>\n<p><a href=\"http:\/\/www.energypost.eu\/interview-professor-han-wenke-chinas-energy-sector-opening\/\"><u>Prof\u00a0Han\u00a0Wanke(\u00c7in\u00a0Ulusal\u00a0Kalk\u0131nma\u00a0ve\u00a0Reform\u00a0Komisyonu\u00a0Enerji\u00a0Enstit\u00fcs\u00fc\u00a0Genel\u00a0M\u00fcd\u00fcr)\u00a0ile\u00a0r\u00f6portaj<\/u><\/a>\u00a0\u00c7in\u00a0stratejisi\u00a0i\u00e7in\u00a0okumaya\u00a0de\u011fer.\u00a0Wenke,\u00a0ilk\u00a0olarak\u00a0\u00c7in\u2019in\u00a0k\u00f6m\u00fcr\u00a0t\u00fcketimini\u00a0azaltaca\u011f\u0131n\u0131,\u00a0ikinci\u00a0olarak\u00a0daha\u00a0fazla\u00a0r\u00fczgar\u00a0ve\u00a0di\u011fer\u00a0yenilenebilir\u00a0enerjilere\u00a0yat\u0131r\u0131m\u00a0yapaca\u011f\u0131n\u0131,\u00a0\u00fc\u00e7\u00fcnc\u00fc\u00a0olarak\u00a0enerji\u00a0y\u00f6netimi\u00a0ve\u00a0i\u015fleyi\u015finin\u00a0reforme\u00a0edilece\u011fini,\u00a0son\u00a0olarak\u00a0da\u00a0devletin\u00a0rol\u00fcn\u00fcn\u00a0azalt\u0131larak\u00a0\u00f6zel\u00a0yat\u0131r\u0131m\u0131n\u00a0\u00f6ne\u00a0\u00e7\u0131kar\u0131laca\u011f\u0131n\u0131\u00a0s\u00f6yledi<\/p>\n<p>G\u00fcn\u00fcn\u00a0haberi\u00a0GE\u2019nin\u00a0\u015fimdiye\u00a0kadar\u00a0<a href=\"http:\/\/seekingalpha.com\/news\/3204213-ge-bullish-coal\"><u>k\u00f6m\u00fcrden\u00a0uzak\u00a0durmas\u0131na\u00a0ra\u011fmen\u00a0tekrar\u00a0k\u00f6m\u00fcr\u00a0teknolojileri\u00a0konusunda\u00a0iyimser\u00a0olmas\u0131<\/u><\/a>.\u00a0Eski\u00a0santrallere\u00a0g\u00fcncellemeler\u00a0ile\u00a0emisyon\u00a0iyile\u015ftirmesi,\u00a0geli\u015fen\u00a0ekonomiler\u00a0(ve\u00a0\u00f6zellikle\u00a0Asyada)\u00a0yeni\u00a0k\u00f6m\u00fcr\u00a0santralleri\u00a0i\u015fine\u00a0girmesi\u00a0dikkat\u00a0\u00e7ekiyor.\u00a0Acaba\u00a0orta-uzun\u00a0vadede\u00a0y\u00fcksek\u00a0do\u011falgaz\u00a0fiyatlar\u0131\u00a0da\u00a0m\u0131\u00a0g\u00f6r\u00fcyorlar.<\/p>\n<p><a href=\"http:\/\/cleantechnica.com\/2016\/08\/18\/us-wind-energy-prices-rock-bottom-levels-berkeley-lab\/\"><u>Lawrence\u00a0Berkeley\u00a0Ulusal\u00a0Laboratuvar\u0131n\u0131n<\/u><\/a>\u00a0ABD\u2019deki\u00a0<a href=\"http:\/\/contracts.onecle.com\/ripe-touch\/tri-state.svc.1995.03.15.shtml\"><u>ESA\u00a0(PPA)\u00a0Elektrik\u00a0Sat\u0131\u015f\u00a0Anla\u015fmalar\u0131na<\/u><\/a>\u00a0g\u00f6re\u00a0\u00e7\u0131kard\u0131\u011f\u0131\u00a0grafikte,\u00a0r\u00fczgardan\u00a0elektrik\u00a0\u00fcretimi\u00a0anla\u015fmalar\u0131n\u0131n\u00a02cent\/kWh\u2019e\u00a0kadar\u00a0d\u00fc\u015ft\u00fc\u011f\u00fc\u00a0iddia\u00a0edildi.\u00a0Dikkat\u00a0edilmesi\u00a0gereken\u00a0nokta\u00a0ABD\u2019de\u00a0ESA\u2019lar\u00a0<a href=\"http:\/\/www.windustry.org\/community_wind_toolbox_13_power_purchase_agreement\"><u>r\u00fczgarda\u00a0genelde\u00a020\u00a0y\u0131l\u00a0oluyor<\/u><\/a>.\u00a0<a href=\"https:\/\/emp.lbl.gov\/publications\/2015-wind-technologies-market-report\"><u>Bu\u00a0arada\u00a0raporun\u00a0excel\u2019i\u00a0sunumu\u00a0halka\u00a0a\u00e7\u0131k<\/u><\/a>.<\/p>\n<p><strong><b>\u0130statistik<\/b><\/strong><\/p>\n<p>\u00c7in\u2019in\u00a013.\u00a0Be\u015f\u00a0y\u0131ll\u0131k\u00a0plan\u0131\u00a0(2016-2020)\u00a0<a href=\"http:\/\/www.energypost.eu\/interview-professor-han-wenke-chinas-energy-sector-opening\/\"><u>hakk\u0131nda\u00a0baz\u0131\u00a0rakamlar<\/u><\/a><\/p>\n<ul>\n<li>368\u00a0milyar\u00a0dolar\u00a0ak\u0131ll\u0131\u00a0\u015febekeler,\u00a0ultra\u00a0y\u00fcksek\u00a0voltaj\u00a0ve\u00a0da\u011f\u0131t\u0131m\u00a0\u015febekeleri\u00a0yat\u0131r\u0131m\u0131<\/li>\n<li>R\u00fczgar\u00a0kapasitesi\u00a0ikiye\u00a0katlanarak\u00a0250\u00a0GW\u2019a\u00a0\u00e7\u0131kacak<\/li>\n<li>G\u00fcne\u015f\u00a0kapasitesi\u00a0\u00fc\u00e7\u00a0misline\u00a0-&gt;\u00a0160\u00a0GW\u2019a\u00a0y\u00fckselecek<\/li>\n<li>Hidro\u00a0%40\u00a0artt\u0131r\u0131larak\u00a0420\u00a0GW\u2019a\u00a0artt\u0131r\u0131lacak<\/li>\n<li>2030\u2019da\u00a0enerjisinin\u00a0%20sini\u00a0fosil\u00a0olmayan\u00a0yak\u0131tlardan\u00a0kar\u015f\u0131lamk\u00a0istiyor<\/li>\n<li>2020\u2019de\u00a0enerji\u00a0yo\u011funlu\u011funu\u00a0%15,\u00a0k\u00f6m\u00fcr\u00a0kullan\u0131m\u0131n\u0131\u00a0%20\u00a0azaltmak,\u00a0fosil\u00a0olmayan\u00a0yak\u0131t\u00a0oran\u0131n\u0131\u00a0%15\u2019e\u00a0\u00e7\u0131karmak\u00a0istiyor<\/li>\n<li>2020\u2019de\u00a0n\u00fckleer\u00a026\u00a0GW\u2019tan\u00a058\u00a0GW\u2019a\u00a0ula\u015facak,\u00a02030\u2019da\u00a0ise\u00a0150\u00a0GW\u00a0hedefleniyor.<\/li>\n<li>\u00d6n\u00fcm\u00fczdeki\u00a05\u00a0y\u0131lda\u00a0da\u00a0do\u011falgaz\u0131n\u00a0oran\u0131\u00a0%5\u2019ten\u00a0%10\u2019a\u00a0\u00e7\u0131kacak<\/li>\n<\/ul>\n<p><strong><b>Rapor<\/b><\/strong><\/p>\n<p><strong><b>Energy\u00a0Storage\u00a0Requirements\u00a0for\u00a0Achieving\u00a050%\u00a0Solar\u00a0Photovoltaic\u00a0Energy\u00a0Penetration\u00a0in\u00a0California<\/b><\/strong><\/p>\n<p>National\u00a0Renewable\u00a0Energy\u00a0Laboratory,\u00a0<a href=\"http:\/\/www.nrel.gov\/docs\/fy16osti\/66595.pdf\"><u>http:\/\/www.nrel.gov\/docs\/fy16osti\/66595.pdf<\/u><\/a><\/p>\n<p>T\u00fcrkiye\u2019de\u00a0\u00e7ok\u00a0konu\u015fulmayan\u00a0ama\u00a0daha\u00a0fazla\u00a0g\u00fcne\u015f\u00a0sisteminin\u00a0devreye\u00a0g\u00fcndeme\u00a0girmesi\u00a0ile\u00a0g\u00fcndeme\u00a0gelen\u00a0\u201c\u00fcretimden\u00a0kesinti\u201d\u00a0(\u201ccurtailment\u201d),\u00a0asl\u0131nda\u00a0\u00f6n\u00fcm\u00fczdeki\u00a0d\u00f6nemde\u00a0\u00f6nemli\u00a0olacak.\u00a0Raporda\u00a0daha\u00a0\u00f6nceki\u00a0analizlerdeki\u00a0%20-25\u00a0g\u00fcne\u015f\u00a0penetrasyon\u00a0oranlar\u0131ndan\u00a0%50ye\u00a0yak\u0131n\u00a0penetrasyon\u00a0ve\u00a0depolaman\u0131n\u00a0potansiyel\u00a0rol\u00fc\u00a0incelenmi\u015f.<\/p>\n<p>Ne\u00a0kadar\u00a0depolama\u00a0yap\u0131lmas\u0131\u00a0gerekti\u011fi\u00a0hesaplan\u0131rken\u00a0ne\u00a0kadar\u00a0g\u00fcne\u015f\u00a0kesintisinin\u00a0kabul\u00a0edilebilir\u00a0olaca\u011f\u0131\u00a0incelenmi\u015f.Sistemde\u00a0genel\u00a0olarak\u00a0esneklik(flexibility)\u00a0sa\u011flayan\u00a0\u00fcretim\u00a0santrali,\u00a0talep\u00a0y\u00f6netimi,\u00a0ithalat,\u00a0elektrikli\u00a0arabalar\u00a0ve\u00a0depolama\u00a0de\u011ferlendirilmi\u015f.\u00a06.4\u00a0milyon\u00a0elektrikli\u00a0araban\u0131n\u00a0da\u00a0sistemde\u00a0olaca\u011f\u0131\u00a0\u00f6ng\u00f6r\u00fclm\u00fc\u015f.<\/p>\n<p>Raporda\u00a02030\u2019da\u00a0LCOE\u00a0olarak\u00a0g\u00fcne\u015f\u00a03\u00a0cent\/kWh\u2019a\u00a0kadar\u00a0fiyatlar\u0131n\u00a0d\u00fc\u015fece\u011fi\u00a0s\u00f6ylenmi\u015f.\u00a0Bu\u00a0sayede\u00a0g\u00fcne\u015f\u00a0\u00fcretimi\u00a0kesilerek\u00a0sistem\u00a0dengelense\u00a0de,\u00a0g\u00fcne\u015f\u0131n\u00a0alaca\u011f\u0131\u00a0net\u00a0fiyat\u00a0o\u00a0y\u0131ldaki\u00a0kombine\u00a0\u00e7evrim\u00a0elektrik\u00a0\u00fcretimi\u00a0maliyeti\u00a07\u00a0cent\u2019in\u00a0alt\u0131nda\u00a0kalaca\u011f\u0131\u00a0kabulu\u00a0yap\u0131lm\u0131\u015f.<\/p>\n<p><strong><b>\u00a0<\/b><\/strong><\/p>\n<p><b>\u00a0<\/b><\/p>\n<p><strong><b>Tarih<\/b><\/strong><\/p>\n<p><strong><b>Osmanl\u0131\u00a0da\u00a0MikroGrid\u2019in\u00a0Temelleri<\/b><\/strong>\u00a0,\u00a0\u00a01915..\u00a0Daha\u00a0\u00f6nce\u00a0twitter\u2019da\u00a0b\u00f6l\u00fc\u015ft\u00fc\u011f\u00fcm\u00a0bu\u00a0sayfay\u0131\u00a0b\u00f6l\u00fc\u015fmek\u00a0istedim.<\/p>\n<p>Kendi\u00a0koleksiyonumdan,\u00a0http:\/\/www.barissanli.com\/calismalar\/tarih\/elektrikpilleri-1915-bs.pdf<\/p>\n<table>\n<tbody>\n<tr>\n<td width=\"508\">&nbsp;<\/td>\n<td width=\"508\">Mustafa\u00a0R\u00fc\u015fd\u00fc<\/p>\n<p>Dar-\u00fcl\u00a0F\u00fcnun\u00a0Mezunlar\u0131ndan<\/p>\n<p>&nbsp;<\/p>\n<p>&nbsp;<\/p>\n<p>Herkes\u00a0kendi\u00a0hanesinde\u00a0kendi\u00a0kendine<\/p>\n<p>ELEKTR\u0130K<\/p>\n<p>Ve<\/p>\n<p>AK\u00dcM\u00dcLAT\u00d6RLER<\/p>\n<p>\u0130le\u00a0tenvirat\u00a0(ayd\u0131nlatma)\u00a0icra\u00a0edebilir.<\/p>\n<p>&nbsp;<\/p>\n<p>&nbsp;<\/p>\n<p>\u201c1\u201d\u00a0Amperden\u00a0\u201c40\u201d\u00a0ampere\u00a0kadar\u00a0ceryan\u00a0has\u0131l\u00a0eden\u00a0m\u00fcteaddid\u00a0piller\u00a0ile\u00a0muhtelif\u00a0iktidarda\u00a0ak\u00fcm\u00fclat\u00f6rlerin\u00a0sureti\u00a0imal\u00a0ve\u00a0istemalinden\u00a0bahsi\u00a0amali\u00a0bir\u00a0kitapd\u0131r<\/p>\n<p>&nbsp;<\/p>\n<p>M\u00fcteaddid\u00a0resimler\u00a0ve\u00a0tesisat\u00a0pillerine\u00a0havidir<\/p>\n<p>&nbsp;<\/p>\n<p>Sahib\u00a0ve\u00a0ne\u015fir\u00a0:\u00a0\u0130lyas<\/p>\n<p>&nbsp;<\/p>\n<p>Kafi\u00a0hukuk\u00a0mahfuzd\u0131r<\/p>\n<p>&nbsp;<\/p>\n<p>Dersadet\u00a0\u2013\u00a0Kanaat\u00a0Matbaas\u0131<\/p>\n<p>1331<\/td>\n<\/tr>\n<\/tbody>\n<\/table>\n","protected":false},"excerpt":{"rendered":"<p>\u00a0\u201cNullius\u00a0in\u00a0verba\u201d,\u00a0hi\u00e7\u00a0kimsenin\u00a0s\u00f6z\u00fcn\u00fc\u00a0\u2013hemen-\u00a0do\u011fru\u00a0diye\u00a0kabul\u00a0etme,\u00a0Royal\u00a0Society\u2019nin\u00a0de\u00a0mottosu.\u00a0Petrol\u00a0fiyatlar\u0131\u00a0konusunda\u00a0bu\u00a0yanl\u0131\u015fa\u00a0\u00e7okca\u00a0d\u00fc\u015f\u00fcyoruz,\u00a0hep\u00a0bizden\u00a0daha\u00a0iyi\u00a0\u201ctrader\u201dlar\u0131n\u00a0a\u00e7\u0131klamalar\u0131n\u0131\u00a0baz\u00a0al\u0131yoruz,\u00a0bu\u00a0da\u00a0emtia\u00a0piyasalar\u0131nda\u00a0bir\u00a0\u201cs\u00fcr\u00fc\u201d\u00a0psikolojisi\u00a0olu\u015fturuyor\u00a0gibi.\u00a0\u00a0Ama\u00a0bence\u00a0g\u00fcn\u00fcn\u00a0\u00f6nemli\u00a0haberi\u00a0GE\u2019nin\u00a0k\u00f6m\u00fcre\u00a0daha\u00a0\u00e7ok\u00a0e\u011filece\u011fi\u00a0haberi,\u00a0acaba\u00a0ne\u00a0g\u00f6rd\u00fcler?\u00a0Y\u00fckselen\u00a0do\u011fal\u00a0gaz\u00a0fiyatlar\u0131,\u00a0yenilenebilir\u00a0de\u00a0bir\u00a0sorun\u00a0mu? \u0130klim\u00a0konusunda\u00a0tweetlerden\u00a0d\u00fcn\u00a0ak\u015fam\u00a0ilgin\u00e7\u00a0bir\u00a0\u00f6ng\u00f6r\u00fc\u00a0geldi.\u00a0T\u00fcrkiye\u2019de\u00a0ve\u00a0Avrupa\u00a0da\u00a01963\u00a0k\u0131\u015f\u0131\u00a0\u2013ki\u00a0\u00e7ok\u00a0\u00e7etin\u00a0ge\u00e7mi\u015f,\u00a02017\u2019de\u00a0ya\u015fanabilir\u00a0diye.\u00a0Sebepler:\u00a0G\u00fcne\u015f\u00a0aktivitesinin\u00a0tersine\u00a0d\u00f6nmesi\u00a0(azalmas\u0131),\u00a0La\u00a0nina.\u00a0En\u00a0son\u00a0\u00c7in\u00a0tahminleri\u00a0de\u00a0Aral\u0131k-Mart\u2019\u0131\u00a0T\u00fcrkiye\u2019de\u00a02C\u00a0daha\u00a0so\u011fuk\u00a0g\u00f6stermi\u015f.\u00a0Hava\u00a0tahminleri\u00a0yalan\u00a0olsa\u00a0da\u00a0daha\u00a0do\u011frusu\u00a0\u015fimdilik\u00a0yok. &nbsp; Bilgiler D\u00fcnya\u00a0petrolden\u00a0kurulu\u00a0de\u011fil,\u00a0bal\u0131k\u00a0da\u00a0\u00f6nemli.\u00a0G\u00fcney\u00a0denizindeki\u00a0\u00c7in\u00a0ve\u00a0Filipinler\u00a0aras\u0131ndaki\u00a0tahkim\u00a0davalar\u0131n\u0131n\u00a0as\u0131l\u00a0sebebi\u00a0bal\u0131k\u00e7\u0131l\u0131k\u00a0ekonomisiymi\u015f.\u00a0Alan\u00a03365\u00a0t\u00fcr\u00a0bal\u0131\u011fa\u00a0ve\u00a0d\u00fcnya\u00a0bal\u0131k\u00a0avc\u0131l\u0131\u011f\u0131n\u0131n\u00a0%12si,\u00a021.8\u00a0milyar\u00a0$l\u0131k\u00a0ekonomisi\u00a0bu\u00a0b\u00f6lgeden\u00a0geliyormu\u015f.\u00a03.7\u00a0milyon\u00a0insan\u00a0da\u00a0bu\u00a0b\u00f6lgedeki\u00a0bal\u0131k\u00e7\u0131l\u0131k\u00a0sayesinde\u00a0istihdam\u00a0ediliyor. Bat\u0131\u00a0Afrika\u00a0sahilinde\u00a0Gana\u00a0g\u00fcnl\u00fck\u00a080bin\u00a0varil\/g\u00fcn\u00a0\u00fcretime\u00a0ba\u015flad\u0131.\u00a0Ayr\u0131ca\u00a0\u00fcretilecek\u00a0do\u011falgaz\u0131n\u00a0da\u00a0de\u011ferlendirilmesi\u00a0g\u00fcndemde.\u00a0Tullow\u00a0Petrol\u00a0taraf\u0131ndan\u00a0yap\u0131lan\u00a0\u00fcretimin\u00a0yan\u0131nda\u00a0Fildi\u015fi\u00a0Sahilleri\u00a0ile\u00a0Gana\u00a0aras\u0131nda\u00a02017\u2019de\u00a0\u00e7\u00f6z\u00fcme\u00a0kavu\u015fturulmas\u0131\u00a0beklenen\u00a010\u00a0saha\u00a0da\u00a0var.\u00a0T\u00fcm\u00a0afrikan\u0131n\u00a0bu\u00a0sene\u00a02.1\u00a0milyon\u00a0v\/g(2015\u2019e\u00a0g\u00f6re\u00a0-30000)\u00a0\u00fcretimesi\u00a0bekleniyor. T\u00fcrkiye\u2019de\u00a0elektrik\u00a0talebinin\u00a0olmazsa\u00a0olmaz\u0131\u00a0\u00e7elik\u00a0talebidir.\u00a0Faizlerin\u00a0d\u00fc\u015fmesi\u00a0ve\u00a0konut\u00a0ile\u00a0birlikte\u00a0\u00e7elik\u00a0talebinde\u00a0\u00a0art\u0131\u015f\u00a0bekliyor\u00a0\u00c7elik\u00a0\u00dcreticileri\u00a0Derne\u011fi.\u00c7elik\u00a0talebi\u00a0elektrik\u00a0talebini\u00a0de\u00a0canland\u0131racakt\u0131r,\u00a0e\u011fer\u00a0\u00c7in\u00a0s\u00fcbvanseli\u00a0\u00e7elik\u00a0ile\u00a0yerli\u00a0firmalar\u0131n\u00a0pazar\u0131n\u0131\u00a0k\u00fc\u00e7\u00fcltmezse California\u00a0Hava\u00a0Kaynaklar\u0131\u00a0komisyonu\u00a02030\u2019a\u00a0kadar\u00a0metan\u00a0emisyonlar\u0131n\u0131\u00a0%40\u00a0azaltmay\u0131\u00a0hedefliyor.\u00a0Bu\u00a0sebeple\u00a0b\u00f6lgedeki\u00a0inekler\u00a0de\u00a0bu\u00a0\u00e7evreci\u00a0amaca\u00a0hizmet\u00a0etmek\u00a0i\u00e7in\u00a0strateji\u00a0raporu\u00a0ile\u00a0g\u00fcndeme\u00a0geldi.\u00a0Strateji\u00a0d\u00f6k\u00fcman\u0131nda\u00a0tezek\u00a0y\u00f6netim\u00a0pratikleri,\u00a0hayvanlar\u00a0i\u00e7in\u00a0yeni\u00a0beslenme\u00a0re\u00e7etesi\u00a0ve\u00a0kar\u0131ndaki\u00a0mikroorganizmalara\u00a0m\u00fcdahale\u00a0ile\u00a0metan\u00a0emisyonlar\u0131\u00a0azalt\u0131lacak. OPEC+\u2019in\u00a0\u00fcretimi\u00a0s\u0131n\u0131rlama\u00a0anla\u015fmas\u0131\u00a0yanl\u0131\u015f\u00a0soru,\u00a0as\u0131l\u00a0soru\u00a0\u00fcretim\u00a0limiti\u00a0getirirlerse\u00a0bir\u00a0i\u015fe\u00a0yarar\u00a0m\u0131?\u00a0E\u011fer\u00a0bir\u00a0anla\u015fmaya\u00a0var\u0131lsa\u00a0da\u00a0bu\u00a0daha\u00a0\u00e7ok\u00a0ABD\u00a0\u015feyl\u00a0ve\u00a0Kanada\u00a0petrol\u00a0kumu\u00a0firmalar\u0131n\u0131n\u00a0\u00fcretimini\u00a0artt\u0131rmalar\u0131na\u00a0yarar\u00a0deniyor.\u00a0Kald\u0131\u00a0ki\u00a0jeopolitik\u00a0s\u0131k\u0131nt\u0131lar\u00a0sebebi\u00a0ile\u00a0\u00fcretimi\u00a0d\u00fc\u015fen\u00a0Nijerya\u00a0gibi\u00a0\u00fclkelerde\u00a0bu\u00a0anla\u015fmalara\u00a0girmeyebilir. Prof\u00a0Han\u00a0Wanke(\u00c7in\u00a0Ulusal\u00a0Kalk\u0131nma\u00a0ve\u00a0Reform\u00a0Komisyonu\u00a0Enerji\u00a0Enstit\u00fcs\u00fc\u00a0Genel\u00a0M\u00fcd\u00fcr)\u00a0ile\u00a0r\u00f6portaj\u00a0\u00c7in\u00a0stratejisi\u00a0i\u00e7in\u00a0okumaya\u00a0de\u011fer.\u00a0Wenke,\u00a0ilk\u00a0olarak\u00a0\u00c7in\u2019in\u00a0k\u00f6m\u00fcr\u00a0t\u00fcketimini\u00a0azaltaca\u011f\u0131n\u0131,\u00a0ikinci\u00a0olarak\u00a0daha\u00a0fazla\u00a0r\u00fczgar\u00a0ve\u00a0di\u011fer\u00a0yenilenebilir\u00a0enerjilere\u00a0yat\u0131r\u0131m\u00a0yapaca\u011f\u0131n\u0131,\u00a0\u00fc\u00e7\u00fcnc\u00fc\u00a0olarak\u00a0enerji\u00a0y\u00f6netimi\u00a0ve\u00a0i\u015fleyi\u015finin\u00a0reforme\u00a0edilece\u011fini,\u00a0son\u00a0olarak\u00a0da\u00a0devletin\u00a0rol\u00fcn\u00fcn\u00a0azalt\u0131larak\u00a0\u00f6zel\u00a0yat\u0131r\u0131m\u0131n\u00a0\u00f6ne\u00a0\u00e7\u0131kar\u0131laca\u011f\u0131n\u0131\u00a0s\u00f6yledi G\u00fcn\u00fcn\u00a0haberi\u00a0GE\u2019nin\u00a0\u015fimdiye\u00a0kadar\u00a0k\u00f6m\u00fcrden\u00a0uzak\u00a0durmas\u0131na\u00a0ra\u011fmen\u00a0tekrar\u00a0k\u00f6m\u00fcr\u00a0teknolojileri\u00a0konusunda\u00a0iyimser\u00a0olmas\u0131.\u00a0Eski\u00a0santrallere\u00a0g\u00fcncellemeler\u00a0ile\u00a0emisyon\u00a0iyile\u015ftirmesi,\u00a0geli\u015fen\u00a0ekonomiler\u00a0(ve\u00a0\u00f6zellikle\u00a0Asyada)\u00a0yeni\u00a0k\u00f6m\u00fcr\u00a0santralleri\u00a0i\u015fine\u00a0girmesi\u00a0dikkat\u00a0\u00e7ekiyor.\u00a0Acaba\u00a0orta-uzun\u00a0vadede\u00a0y\u00fcksek\u00a0do\u011falgaz\u00a0fiyatlar\u0131\u00a0da\u00a0m\u0131\u00a0g\u00f6r\u00fcyorlar. Lawrence\u00a0Berkeley\u00a0Ulusal\u00a0Laboratuvar\u0131n\u0131n\u00a0ABD\u2019deki\u00a0ESA\u00a0(PPA)\u00a0Elektrik\u00a0Sat\u0131\u015f\u00a0Anla\u015fmalar\u0131na\u00a0g\u00f6re\u00a0\u00e7\u0131kard\u0131\u011f\u0131\u00a0grafikte,\u00a0r\u00fczgardan\u00a0elektrik\u00a0\u00fcretimi\u00a0anla\u015fmalar\u0131n\u0131n\u00a02cent\/kWh\u2019e\u00a0kadar\u00a0d\u00fc\u015ft\u00fc\u011f\u00fc\u00a0iddia\u00a0edildi.\u00a0Dikkat\u00a0edilmesi\u00a0gereken\u00a0nokta\u00a0ABD\u2019de\u00a0ESA\u2019lar\u00a0r\u00fczgarda\u00a0genelde\u00a020\u00a0y\u0131l\u00a0oluyor.\u00a0Bu\u00a0arada\u00a0raporun\u00a0excel\u2019i\u00a0sunumu\u00a0halka\u00a0a\u00e7\u0131k. \u0130statistik \u00c7in\u2019in\u00a013.\u00a0Be\u015f\u00a0y\u0131ll\u0131k\u00a0plan\u0131\u00a0(2016-2020)\u00a0hakk\u0131nda\u00a0baz\u0131\u00a0rakamlar 368\u00a0milyar\u00a0dolar\u00a0ak\u0131ll\u0131\u00a0\u015febekeler,\u00a0ultra\u00a0y\u00fcksek\u00a0voltaj\u00a0ve\u00a0da\u011f\u0131t\u0131m\u00a0\u015febekeleri\u00a0yat\u0131r\u0131m\u0131 R\u00fczgar\u00a0kapasitesi\u00a0ikiye\u00a0katlanarak\u00a0250\u00a0GW\u2019a\u00a0\u00e7\u0131kacak G\u00fcne\u015f\u00a0kapasitesi\u00a0\u00fc\u00e7\u00a0misline\u00a0-&gt;\u00a0160\u00a0GW\u2019a\u00a0y\u00fckselecek Hidro\u00a0%40\u00a0artt\u0131r\u0131larak\u00a0420\u00a0GW\u2019a\u00a0artt\u0131r\u0131lacak 2030\u2019da\u00a0enerjisinin\u00a0%20sini\u00a0fosil\u00a0olmayan\u00a0yak\u0131tlardan\u00a0kar\u015f\u0131lamk\u00a0istiyor 2020\u2019de\u00a0enerji\u00a0yo\u011funlu\u011funu\u00a0%15,\u00a0k\u00f6m\u00fcr\u00a0kullan\u0131m\u0131n\u0131\u00a0%20\u00a0azaltmak,\u00a0fosil\u00a0olmayan\u00a0yak\u0131t\u00a0oran\u0131n\u0131\u00a0%15\u2019e\u00a0\u00e7\u0131karmak\u00a0istiyor 2020\u2019de\u00a0n\u00fckleer\u00a026\u00a0GW\u2019tan\u00a058\u00a0GW\u2019a\u00a0ula\u015facak,\u00a02030\u2019da\u00a0ise\u00a0150\u00a0GW\u00a0hedefleniyor. \u00d6n\u00fcm\u00fczdeki\u00a05\u00a0y\u0131lda\u00a0da\u00a0do\u011falgaz\u0131n\u00a0oran\u0131\u00a0%5\u2019ten\u00a0%10\u2019a\u00a0\u00e7\u0131kacak Rapor Energy\u00a0Storage\u00a0Requirements\u00a0for\u00a0Achieving\u00a050%\u00a0Solar\u00a0Photovoltaic\u00a0Energy\u00a0Penetration\u00a0in\u00a0California National\u00a0Renewable\u00a0Energy\u00a0Laboratory,\u00a0http:\/\/www.nrel.gov\/docs\/fy16osti\/66595.pdf T\u00fcrkiye\u2019de\u00a0\u00e7ok\u00a0konu\u015fulmayan\u00a0ama\u00a0daha\u00a0fazla\u00a0g\u00fcne\u015f\u00a0sisteminin\u00a0devreye\u00a0g\u00fcndeme\u00a0girmesi\u00a0ile\u00a0g\u00fcndeme\u00a0gelen\u00a0\u201c\u00fcretimden\u00a0kesinti\u201d\u00a0(\u201ccurtailment\u201d),\u00a0asl\u0131nda\u00a0\u00f6n\u00fcm\u00fczdeki\u00a0d\u00f6nemde\u00a0\u00f6nemli\u00a0olacak.\u00a0Raporda\u00a0daha\u00a0\u00f6nceki\u00a0analizlerdeki\u00a0%20-25\u00a0g\u00fcne\u015f\u00a0penetrasyon\u00a0oranlar\u0131ndan\u00a0%50ye\u00a0yak\u0131n\u00a0penetrasyon\u00a0ve\u00a0depolaman\u0131n\u00a0potansiyel\u00a0rol\u00fc\u00a0incelenmi\u015f. Ne\u00a0kadar\u00a0depolama\u00a0yap\u0131lmas\u0131\u00a0gerekti\u011fi\u00a0hesaplan\u0131rken\u00a0ne\u00a0kadar\u00a0g\u00fcne\u015f\u00a0kesintisinin\u00a0kabul\u00a0edilebilir\u00a0olaca\u011f\u0131\u00a0incelenmi\u015f.Sistemde\u00a0genel\u00a0olarak\u00a0esneklik(flexibility)\u00a0sa\u011flayan\u00a0\u00fcretim\u00a0santrali,\u00a0talep\u00a0y\u00f6netimi,\u00a0ithalat,\u00a0elektrikli\u00a0arabalar\u00a0ve\u00a0depolama\u00a0de\u011ferlendirilmi\u015f.\u00a06.4\u00a0milyon\u00a0elektrikli\u00a0araban\u0131n\u00a0da\u00a0sistemde\u00a0olaca\u011f\u0131\u00a0\u00f6ng\u00f6r\u00fclm\u00fc\u015f. Raporda\u00a02030\u2019da\u00a0LCOE\u00a0olarak\u00a0g\u00fcne\u015f\u00a03\u00a0cent\/kWh\u2019a\u00a0kadar\u00a0fiyatlar\u0131n\u00a0d\u00fc\u015fece\u011fi\u00a0s\u00f6ylenmi\u015f.\u00a0Bu\u00a0sayede\u00a0g\u00fcne\u015f\u00a0\u00fcretimi\u00a0kesilerek\u00a0sistem\u00a0dengelense\u00a0de,\u00a0g\u00fcne\u015f\u0131n\u00a0alaca\u011f\u0131\u00a0net\u00a0fiyat\u00a0o\u00a0y\u0131ldaki\u00a0kombine\u00a0\u00e7evrim\u00a0elektrik\u00a0\u00fcretimi\u00a0maliyeti\u00a07\u00a0cent\u2019in\u00a0alt\u0131nda\u00a0kalaca\u011f\u0131\u00a0kabulu\u00a0yap\u0131lm\u0131\u015f. \u00a0 \u00a0 Tarih Osmanl\u0131\u00a0da\u00a0MikroGrid\u2019in\u00a0Temelleri\u00a0,\u00a0\u00a01915..\u00a0Daha\u00a0\u00f6nce\u00a0twitter\u2019da\u00a0b\u00f6l\u00fc\u015ft\u00fc\u011f\u00fcm\u00a0bu\u00a0sayfay\u0131\u00a0b\u00f6l\u00fc\u015fmek\u00a0istedim. Kendi\u00a0koleksiyonumdan,\u00a0http:\/\/www.barissanli.com\/calismalar\/tarih\/elektrikpilleri-1915-bs.pdf &nbsp; Mustafa\u00a0R\u00fc\u015fd\u00fc Dar-\u00fcl\u00a0F\u00fcnun\u00a0Mezunlar\u0131ndan &nbsp; &nbsp; Herkes\u00a0kendi\u00a0hanesinde\u00a0kendi\u00a0kendine ELEKTR\u0130K Ve AK\u00dcM\u00dcLAT\u00d6RLER \u0130le\u00a0tenvirat\u00a0(ayd\u0131nlatma)\u00a0icra\u00a0edebilir. &nbsp; &nbsp; \u201c1\u201d\u00a0Amperden\u00a0\u201c40\u201d\u00a0ampere\u00a0kadar\u00a0ceryan\u00a0has\u0131l\u00a0eden\u00a0m\u00fcteaddid\u00a0piller\u00a0ile\u00a0muhtelif\u00a0iktidarda\u00a0ak\u00fcm\u00fclat\u00f6rlerin\u00a0sureti\u00a0imal\u00a0ve\u00a0istemalinden\u00a0bahsi\u00a0amali\u00a0bir\u00a0kitapd\u0131r &nbsp; M\u00fcteaddid\u00a0resimler\u00a0ve\u00a0tesisat\u00a0pillerine\u00a0havidir &nbsp; Sahib\u00a0ve\u00a0ne\u015fir\u00a0:\u00a0\u0130lyas &nbsp; Kafi\u00a0hukuk\u00a0mahfuzd\u0131r &nbsp; Dersadet\u00a0\u2013\u00a0Kanaat\u00a0Matbaas\u0131 1331<\/p>\n","protected":false},"author":1,"featured_media":0,"comment_status":"open","ping_status":"open","sticky":false,"template":"","format":"standard","meta":{"footnotes":""},"categories":[1],"tags":[],"_links":{"self":[{"href":"https:\/\/barissanli.com\/eak\/wp-json\/wp\/v2\/posts\/22"}],"collection":[{"href":"https:\/\/barissanli.com\/eak\/wp-json\/wp\/v2\/posts"}],"about":[{"href":"https:\/\/barissanli.com\/eak\/wp-json\/wp\/v2\/types\/post"}],"author":[{"embeddable":true,"href":"https:\/\/barissanli.com\/eak\/wp-json\/wp\/v2\/users\/1"}],"replies":[{"embeddable":true,"href":"https:\/\/barissanli.com\/eak\/wp-json\/wp\/v2\/comments?post=22"}],"version-history":[{"count":1,"href":"https:\/\/barissanli.com\/eak\/wp-json\/wp\/v2\/posts\/22\/revisions"}],"predecessor-version":[{"id":23,"href":"https:\/\/barissanli.com\/eak\/wp-json\/wp\/v2\/posts\/22\/revisions\/23"}],"wp:attachment":[{"href":"https:\/\/barissanli.com\/eak\/wp-json\/wp\/v2\/media?parent=22"}],"wp:term":[{"taxonomy":"category","embeddable":true,"href":"https:\/\/barissanli.com\/eak\/wp-json\/wp\/v2\/categories?post=22"},{"taxonomy":"post_tag","embeddable":true,"href":"https:\/\/barissanli.com\/eak\/wp-json\/wp\/v2\/tags?post=22"}],"curies":[{"name":"wp","href":"https:\/\/api.w.org\/{rel}","templated":true}]}}