{"id":1890,"date":"2018-04-05T19:05:07","date_gmt":"2018-04-05T19:05:07","guid":{"rendered":"http:\/\/barissanli.com\/eak\/?p=1890"},"modified":"2018-04-05T19:05:07","modified_gmt":"2018-04-05T19:05:07","slug":"5-nisan-2018","status":"publish","type":"post","link":"https:\/\/barissanli.com\/eak\/2018\/04\/5-nisan-2018\/","title":{"rendered":"5 Nisan 2018"},"content":{"rendered":"<p>\u00c7inlileri GEIDO, k\u00fcresel y\u00fcksek elektrik \u015febekesi ile yenilenebilirleri entegre etme fikri Jeffrey Sachs taraf\u0131ndan \u00e7ok \u00f6nemli g\u00f6r\u00fcl\u00fcyor. Craig Morris&#8217;e g\u00f6re Energiewende sadece teknokratik bir de\u011fi\u015fim de\u011fil sosyal bir ba\u015fkala\u015fma. Shell&#8217;in i\u00e7 d\u00f6k\u00fcmanlar\u0131 s\u0131zd\u0131, 1981&#8217;den beri iklim \u00e7al\u0131\u015fmalar\u0131 yapt\u0131\u011f\u0131 ortaya \u00e7\u0131kt\u0131. \u0130klim de\u011fi\u015fikli\u011finden Avrupan\u0131n hidro ve termal \u00fcretimi -%20&#8217;ye kadar etkilenebilir. Petrol tacirlerinin g\u00f6z\u00fc Suudi Arabistan-Yemen b\u00f6lgesinde. Avrupa&#8217;da ge\u00e7 vuran so\u011fuklar, do\u011falgaz depolar\u0131n\u0131 dibe vurdurdu, Nisan&#8217;da so\u011fuk ge\u00e7ince yaz\u0131n LNG&#8217;de art\u0131\u015f olabilir. D\u00fcnyada 10ar y\u0131ll\u0131k d\u00f6nemlerde petrol talebinin fiyat ve GSYH ile ili\u015fkisi.<\/p>\n<p><strong>\u00d6zetler<\/strong><\/p>\n<p><a href=\"https:\/\/www.ft.com\/content\/fe67b9fa-38ef-11e8-8b98-2f31af407cc8\">[FT$]<\/a>ABD\u2019nin \u00c7in\u2019e tar\u0131m ihracat\u0131 20 milyar $. Tar\u0131m kimyasallar\u0131 grubu Monsanto, Alman Bayer taraf\u0131ndan 66 milyar $\u2019l\u0131k bir sat\u0131n al\u0131nmada son a\u015famada. Ticaret sava\u015flar\u0131 bu \u015firketleri vurur gibi<\/p>\n<p>\u00c7in k\u00fcresel bir y\u00fcksek voltaj \u015febekesi i\u00e7in <a href=\"http:\/\/www.koreaherald.com\/view.php?ud=20180403000828\">GEIDCO<\/a>-Global Energy .., ba\u015flatt\u0131. Mart\u2019ta d\u00fcnyan\u0131n d\u00f6rt bir yan\u0131ndan delegeler geldiler. Jeffrey Sachs\u2019a g\u00f6re, \u00c7in\u2019in bu k\u00fcresel enerji ba\u011flant\u0131 \u00f6nerisi k\u00fcresel anlamda en cesur ve yol g\u00f6sterici ad\u0131m. <a href=\"http:\/\/www.geidco.org\/\">http:\/\/www.geidco.org<\/a><\/p>\n<p><a href=\"https:\/\/twitter.com\/kellyemitchell\/status\/981905791631454208\">Shell\u2019in<\/a> i\u00e7 d\u00f6k\u00fcmanlar\u0131 s\u0131zd\u0131, 1981\u2019de iklim \u00e7al\u0131\u015fmalar\u0131na ba\u015flam\u0131\u015flar, 1984\u2019te karbon muhasebesi yap\u0131yorlarm\u0131\u015f. 1998\u2019de Shell <a href=\"http:\/\/climateinvestigations.org\/shell-oil-climate-documents-revealed\/\">senaryo planlay\u0131c\u0131lar\u0131 <\/a>katastrofik hava olaylar\u0131 ve kamunun endi\u015felerini \u00f6ng\u00f6rm\u00fc\u015fler.<\/p>\n<p>[<a href=\"http:\/\/iopscience.iop.org\/article\/10.1088\/1748-9326\/aab211\/meta\">Makale<\/a>] Avrupa elektrik \u00fcretim sistemi, iklim de\u011fi\u015fikli\u011fi sebebi ile, g\u00fcne\u015f-r\u00fczgar\u2019da %10, hidro ve termalde %20 \u00fcretim d\u00fc\u015f\u00fc\u015f\u00fc g\u00f6rebilir.<\/p>\n<p><a href=\"http:\/\/www.petroleum-economist.com\/articles\/politics-economics\/middle-east\/2018\/saudi-economy-sends-mixed-signals\">Suudi ekonomisi <\/a>ge\u00e7en \u00e7eyrek %1.2 k\u00fc\u00e7\u00fcld\u00fc. 2008-2009 krizinden beri en k\u00f6t\u00fcs\u00fc.<\/p>\n<p>Arabalarda <a href=\"http:\/\/saudigazette.com.sa\/article\/532054\/BUSINESS\/Improving-car-energy-efficiency-leads-to-low-social-welfare-rates\">verimlilik<\/a> daha d\u00fc\u015f\u00fck sosyal refaha sebep oluyormu\u015f, \u00e7\u00fcnk\u00fc daha \u00e7ok araba kullan\u0131m\u0131 oluyor.<\/p>\n<p>Siemens Chicago\u2019daki ara\u015ft\u0131rma pilot \u00e7al\u0131\u015fmas\u0131nda, gelece\u011fin \u015febekesini <a href=\"https:\/\/cleantechnica.com\/2018\/04\/05\/siemens-chicago-pilot-reimagines-the-grid-as-patchwork-of-microgrids\/\">k\u00fc\u00e7\u00fck mikro\u015febekelerin kolaj\u0131 <\/a>gibi g\u00f6r\u00fcyor.<\/p>\n<p><a href=\"https:\/\/twitter.com\/spencercwelch\/status\/981916664139829248\">IHS ekibine <\/a>g\u00f6re 2 ayd\u0131r ABD sondaj kule rakamlar\u0131 sabit de olsa, \u00fcretim artmaya devam ediyor ve 2 hafta i\u00e7in 10.5 mv\/g\u2019e gelebilir.<\/p>\n<p>Petrol tacirleri <a href=\"https:\/\/www.ft.com\/content\/810bf450-38b1-11e8-8b98-2f31af407cc8\">Ortado\u011fu\u2019da<\/a> Suudi Arabistan-Yemen-\u0130ran hatt\u0131nda artan gerilime dikkat \u00e7ekiyor. Houthi sald\u0131r\u0131lar\u0131 daha \u00e7ok Suudi ekonomisine zarar vermeye \u00e7al\u0131\u015fan bir yola girdi.<\/p>\n<p>\u201cTeknoloji bazen d\u00fcnyay\u0131 kurtar\u0131r, ama bizim davran\u0131\u015fsal bir de\u011fi\u015fime ihtiyac\u0131m\u0131z var\u201d. Binalara ve ula\u015ft\u0131rmaya da odaklanmal\u0131y\u0131z diyor Energy Democracy kitab\u0131 yazar\u0131 <a href=\"https:\/\/energytransition.org\/2018\/04\/will-the-energiewende-succeed\/\">Craig Morris<\/a>.<\/p>\n<p>ABD\u2019De 4 <a href=\"https:\/\/www.nytimes.com\/2018\/04\/04\/business\/energy-environment\/pipeline-cyberattack.html\">boru hatt\u0131 operat\u00f6r\u00fcn\u00fcn<\/a> ortak veri payla\u015f\u0131m platformuna siber sald\u0131r\u0131 sonucu m\u00fc\u015fterileri ile ili\u015fkileri koptu. Fiziksel ak\u0131\u015fta sorun olmamas\u0131na ra\u011fmen, veri sistemindeki hasar \u015fimdilik bilinmiyor.<\/p>\n<p><a href=\"https:\/\/www.bloomberg.com\/gadfly\/articles\/2018-04-05\/the-abcd-of-soybean-tariffs-shows-america-will-be-okay#footnote-1522855521594-ref\">Petrol talebinin <\/a>fiyat ve ekonomi ili\u015fkisinde; 1996-2006\u2019da petrol fiyatlar\u0131 artt\u0131k\u00e7a ABD\u2019de de \u00c7in\u2019de de talep art\u0131yor g\u00f6z\u00fck\u00fcyor. 2001-2011\u2019de ise ABD tam ters ili\u015fki g\u00f6sterdi, Japonya gibi. 2006-2016 aras\u0131 ise ABD fiyatlarla da ekonomiyle(Zay\u0131f) de negatif ili\u015fki i\u00e7inde.<\/p>\n<p>ABD\u2019de benzin fiyatlar\u0131 2014 sonras\u0131nda d\u00fc\u015f\u00fcnce <a href=\"https:\/\/theconversation.com\/stronger-fuel-standards-make-sense-even-when-gas-prices-are-low-94274\">\u00e7ok yak\u0131t t\u00fcketen b\u00fcy\u00fck ara\u00e7lar<\/a>\u0131n sat\u0131\u015f\u0131 artt\u0131. \u015eimdi verimlilik \u00f6nlemleri de \u201cger\u00e7ekten uzak\u201d diye geri al\u0131nacak. T\u00fcketiciler verimlili\u011fe \u00f6nem vermiyor bu y\u00fczden zorunlu standartla \u00f6nemli demi\u015f yazar.<\/p>\n<p>Avrupada ge\u00e7 gelen so\u011fuklar<a href=\"https:\/\/www.platts.com\/latest-news\/natural-gas\/london\/late-winter-cold-snaps-heavily-affect-summer-26930549?utm_source=twitter&amp;utm_medium=social&amp;utm_term=naturalgas&amp;utm_content=news&amp;utm_campaign=newsarticle&amp;hootpostid=fb7a4fa59d81f3bb0fd30fe9f4023bd8\"> 2018 yaz\u0131 i\u00e7in enerji piyasas\u0131n\u0131<\/a> ciddi oranda etkiledi. Almanya, Fransa ve Hollanda\u2019da gaz stoklar\u0131 5 y\u0131l\u0131n dibini g\u00f6rd\u00fc. Enjeksiyon periyodu(depolara gaz basma) Nisan\u2019da da ba\u015flayamaz, so\u011fuk bekleniyor. E\u011fer Nisan\u2019da gaz bas\u0131lmaz ise stoklar dolmayabilir.<\/p>\n<p><a href=\"https:\/\/www.brookings.edu\/multi-chapter-report\/highlights-from-the-cross-brookings-initiative-on-energy-and-climate\/\">Brookings\u2019in<\/a> bir grup uzmanla yapt\u0131\u011f\u0131 6 tane enerji-iklim de\u011ferlendirmeleri.<\/p>\n","protected":false},"excerpt":{"rendered":"<p>\u00c7inlileri GEIDO, k\u00fcresel y\u00fcksek elektrik \u015febekesi ile yenilenebilirleri entegre etme fikri Jeffrey Sachs taraf\u0131ndan \u00e7ok \u00f6nemli g\u00f6r\u00fcl\u00fcyor. Craig Morris&#8217;e g\u00f6re Energiewende sadece teknokratik bir de\u011fi\u015fim de\u011fil sosyal bir ba\u015fkala\u015fma. Shell&#8217;in i\u00e7 d\u00f6k\u00fcmanlar\u0131 s\u0131zd\u0131, 1981&#8217;den beri iklim \u00e7al\u0131\u015fmalar\u0131 yapt\u0131\u011f\u0131 ortaya \u00e7\u0131kt\u0131. \u0130klim de\u011fi\u015fikli\u011finden Avrupan\u0131n hidro ve termal \u00fcretimi -%20&#8217;ye kadar etkilenebilir. Petrol tacirlerinin g\u00f6z\u00fc Suudi Arabistan-Yemen &hellip; <a href=\"https:\/\/barissanli.com\/eak\/2018\/04\/5-nisan-2018\/\" class=\"more-link\">Continue reading <span class=\"screen-reader-text\">5 Nisan 2018<\/span><\/a><\/p>\n","protected":false},"author":1,"featured_media":0,"comment_status":"closed","ping_status":"open","sticky":false,"template":"","format":"standard","meta":{"footnotes":""},"categories":[1],"tags":[],"_links":{"self":[{"href":"https:\/\/barissanli.com\/eak\/wp-json\/wp\/v2\/posts\/1890"}],"collection":[{"href":"https:\/\/barissanli.com\/eak\/wp-json\/wp\/v2\/posts"}],"about":[{"href":"https:\/\/barissanli.com\/eak\/wp-json\/wp\/v2\/types\/post"}],"author":[{"embeddable":true,"href":"https:\/\/barissanli.com\/eak\/wp-json\/wp\/v2\/users\/1"}],"replies":[{"embeddable":true,"href":"https:\/\/barissanli.com\/eak\/wp-json\/wp\/v2\/comments?post=1890"}],"version-history":[{"count":1,"href":"https:\/\/barissanli.com\/eak\/wp-json\/wp\/v2\/posts\/1890\/revisions"}],"predecessor-version":[{"id":1891,"href":"https:\/\/barissanli.com\/eak\/wp-json\/wp\/v2\/posts\/1890\/revisions\/1891"}],"wp:attachment":[{"href":"https:\/\/barissanli.com\/eak\/wp-json\/wp\/v2\/media?parent=1890"}],"wp:term":[{"taxonomy":"category","embeddable":true,"href":"https:\/\/barissanli.com\/eak\/wp-json\/wp\/v2\/categories?post=1890"},{"taxonomy":"post_tag","embeddable":true,"href":"https:\/\/barissanli.com\/eak\/wp-json\/wp\/v2\/tags?post=1890"}],"curies":[{"name":"wp","href":"https:\/\/api.w.org\/{rel}","templated":true}]}}