{"id":1845,"date":"2018-03-19T15:37:16","date_gmt":"2018-03-19T15:37:16","guid":{"rendered":"http:\/\/barissanli.com\/eak\/?p=1845"},"modified":"2018-03-19T15:37:16","modified_gmt":"2018-03-19T15:37:16","slug":"19-mart-2018","status":"publish","type":"post","link":"https:\/\/barissanli.com\/eak\/2018\/03\/19-mart-2018\/","title":{"rendered":"19 Mart 2018"},"content":{"rendered":"<p>Bug\u00fcn \u0130brahim Halil\u2019in g\u00f6nderdi\u011fi Alman araba \u00fcreticilerinin de \u015febeke destekleri vs ile ilgilenerek elektrik sekt\u00f6r\u00fcyle daha ilgili olaca\u011f\u0131 haberinin a\u00e7\u0131k halini bulamad\u0131m. Eski piller veya arabalardan \u015febekeye elektri\u011fi geri vermek araba \u00fcreticilerine de ilgin\u00e7 gelmi\u015f. \u201cEnerjini de\u011feri kaynakta m\u0131 teknoloji de mi\u201d. Hidrojen haberleri tekrar art\u0131yor. Otonom arabalar g\u00fcne\u015f patlamalar\u0131ndan etkilenebilir, GPS\u2019ten. M\u0131s\u0131r, soya spek\u00fclasyonu devam ediyor. G\u00f6kta\u015flar\u0131nda madencilik d\u00fcnya GSY\u0130H\u2019\u0131n\u0131n 192000 kat\u0131, Hilbert uzay\u0131nda sonsuz olmas\u0131 gerekirdi. Emisyon bifte\u011fimize de el att\u0131, 100 gr biftek 1.6 kg CO2 emisyonu, karbon vergisi k\u0131rm\u0131z\u0131 et fiyatlar\u0131n\u0131 da artt\u0131r\u0131r.. Ceraweek\u2019te <a href=\"https:\/\/ondemand.ceraweek.com\/detail\/videos\/friday-march-9\/video\/5752437118001\/energy:-taking-the-long-view?autoStart=true\"><span style=\"color: #1155cc;\"><u>Vaclav Smil<\/u><\/span><\/a>(51.dakika), iklim de\u011fi\u015fikli\u011fine kar\u015f\u0131 en etkin y\u00f6ntemin k\u0131rm\u0131z\u0131 et porsiyonlar\u0131n\u0131 d\u00fc\u015f\u00fcrmek oldu\u011funu iddia etmi\u015fti, metan da var \u00e7\u00fcnk\u00fc i\u015fin i\u00e7inde.<\/p>\n<p><b>\u00d6zetler<\/b><\/p>\n<p><a href=\"https:\/\/www.platts.com\/videos\/2018\/march\/market-movers-asia-031918\"><span style=\"color: #1155cc;\"><u>Asya\u2019da <\/u><\/span><\/a>bu hafta, Japon m\u00fc\u015fteriler ve Avustralyal\u0131 tedarik\u00e7iler aras\u0131ndaki 1 Nisan\u2019dan ba\u015flayacak d\u00f6nemsel kontrat fiyat\u0131 \u00f6nemli. \u015eu s\u0131ralar 95$\/mt. K\u00f6m\u00fcr deniz kargo miktar\u0131 d\u00fc\u015ferken, nikel ve klinker talebi kargo fiyatlar\u0131n\u0131 artt\u0131r\u0131yor.<\/p>\n<p><a href=\"https:\/\/economictimes.indiatimes.com\/industry\/energy\/power\/india-to-meet-solar-capacity-addition-target-of-10000-mw\/articleshow\/63354357.cms\"><span style=\"color: #1155cc;\"><u>Hindistan <\/u><\/span><\/a>g\u00fcne\u015f enerjisinde Mart 31\u2019de 22000 MW\u2019\u0131 ge\u00e7ecek.<\/p>\n<p>M\u0131s\u0131r, soya ve kakao\u2019da uzun <a href=\"https:\/\/www.tradingfloor.com\/posts\/cot-soy-and-corn-left-exposed-with-specs-piling-in-saxostrats-9359038\"><span style=\"color: #1155cc;\"><u>pozisyonlar <\/u><\/span><\/a>artmaya devam etti. Hampetrol de ise d\u00fc\u015ft\u00fc.<\/p>\n<p><a href=\"https:\/\/www.bloomberg.com\/graphics\/2018-asteroid-mining\"><span style=\"color: #1155cc;\"><u>G\u00f6kta\u015flar\u0131nda <\/u><\/span><\/a>madencilik planlayan Planetary Resources\u2019\u0131n Asterank veritaban\u0131na g\u00f6re, g\u00f6kta\u015flar\u0131n\u0131n de\u011feri d\u00fcnya GSY\u0130H\u2019\u0131n\u0131n 192bin kat\u0131 olabilir.<\/p>\n<p>100 gram biftek 1.6 kg<a href=\"https:\/\/www.nytimes.com\/2018\/03\/17\/opinion\/sunday\/carbon-tax-on-beef.html?\"><span style=\"color: #1155cc;\"><u> CO2 emisyon<\/u><\/span><\/a> sebebi, tavuk 700gr, s\u00fct \u00fcr\u00fcnleri 347. D\u00fcnyay\u0131 kurtarmak i\u00e7in arkada\u015f\u0131n\u0131z\u0131 vejeteryan yap\u0131n<\/p>\n<p><a href=\"https:\/\/www.theatlantic.com\/technology\/archive\/2018\/03\/bitcoin-mining-arbitrages-cheap-electricity-into-money\/555416\/\"><span style=\"color: #1155cc;\"><u>Bitcoin <\/u><\/span><\/a>madencilerinin 55 TWH (T\u00fcrkiye t\u00fcketiminin 6\u2019da 1\u2019i) kadar elektrik t\u00fckettikleri tahmin ediliyor.<\/p>\n<p>Al\u00fcmiyum tozu ile <a href=\"https:\/\/mega.online\/articles\/hydrogen-energy\/\"><span style=\"color: #1155cc;\"><u>hidrojen <\/u><\/span><\/a>\u00fcretimi. 9 kg toz, 1 kg hidrojen \u00fcretiyor. Bir elektrikli arabada 500 km gitmek i\u00e7in 50 kg aluminyum tozu yeterli.<\/p>\n<p>Suudi veliaht prens <a href=\"https:\/\/www.forbes.com\/sites\/ellenrwald\/2018\/03\/18\/counting-down-7-big-meetings-likely-on-saudi-crown-princes-us-agenda\/#538d5c12475b\"><span style=\"color: #1155cc;\"><u>MBS<\/u><\/span><\/a>, ABD\u2019de GE , Amazon, petrol servis, film \u015firketleri ve Uber ile biraraya gelecek.<\/p>\n<p><a href=\"https:\/\/www.platts.com\/latest-news\/oil\/newyork\/feature-us-refiners-still-at-sea-about-operational-10299668\"><span style=\"color: #1155cc;\"><u>IMO\u2019nun <\/u><\/span><\/a>denizcilikteki k\u00fck\u00fcrts\u00fcz yak\u0131t karar\u0131, benzin i\u00e7in kullan\u0131lan VGO gibi \u00fcr\u00fcn talebini artt\u0131rabilir.<\/p>\n<p><a href=\"https:\/\/about.bnef.com\/blog\/national-grid-eyes-decarbonizing-gas-using-hydrogen-qa\/\"><span style=\"color: #1155cc;\"><u>National Grid<\/u><\/span><\/a> plastik borular\u0131 olan da\u011f\u0131t\u0131m seviyesine hidrojen basmakta ciddi.<\/p>\n<p><a href=\"https:\/\/www.platts.com\/videos\/2018\/march\/market-movers-europe-031918\"><span style=\"color: #1155cc;\"><u>Avrupa\u2019da <\/u><\/span><\/a>bu hafta, so\u011fuk hava dalgas\u0131 geldi, biraz daha etkileyecek, Kuzeybat\u0131 Avrupa gaz stoklar\u0131 7 y\u0131l\u0131n dibi olan 7 bcm alt\u0131nda. Rus tedari\u011fi g\u00fcnde 230 mcm\u2019e \u00e7\u0131kt\u0131. \u00c7elikte ise ABD tarifeleri Avrupa \u00e7eli\u011fini vurabilir. EUROFER, minimum ithalat fiyat\u0131 istiyor.<\/p>\n<p>\u00c7in, <a href=\"https:\/\/www.bloomberg.com\/news\/articles\/2018-03-18\/we-don-t-need-no-speculation-china-wants-safe-oil-futures-play\"><span style=\"color: #1155cc;\"><u>petrol kontratlar\u0131nda<\/u><\/span><\/a> spek\u00fclasyon olmas\u0131n diye teslim depolama maliyetlerini d\u00fcnyan\u0131n 2 misli olarak belirledi. 25-50 cent\/varil\/ay olan depolama maliyeti, 95 cent. Daha \u00f6nce elma konttratlar\u0131 ilk i\u015fleme a\u00e7\u0131ld\u0131\u011f\u0131nda 4 saatte 11 milyar $l\u0131k kontrat ticareti yap\u0131lm\u0131\u015f.<\/p>\n<p><a href=\"https:\/\/www.economist.com\/news\/special-report\/21738582-energy-transitions-change-world-writes-henry-tricks-so-who-will-be-winners-and\"><span style=\"color: #1155cc;\"><u>Economist\u2019in <\/u><\/span><\/a>yaz\u0131s\u0131nda ilgin\u00e7 bir anekdot : \u201cEnerjinin de\u011ferinin kayna\u011f\u0131nda oldu\u011fu bir d\u00fcnyadan, teknolojinin kaynak oldu\u011fu bir d\u00fcnyaya ge\u00e7iyoruz\u201d, MIT\u2019den Francis O\u2019Sullivan demi\u015f.<\/p>\n<p><a href=\"https:\/\/www.bloomberg.com\/news\/articles\/2018-03-16\/driverless-cars-have-a-cosmic-weakness-solar-storms\"><span style=\"color: #1155cc;\"><u>Otonom <\/u><\/span><\/a>arabalar g\u00fcne\u015f f\u0131rt\u0131nalar\u0131ndan da etkilenebilir, GPS\u2019e \u00e7ok ba\u011f\u0131ml\u0131 olmamal\u0131lar. 11 y\u0131ll\u0131k d\u00f6ng\u00fcleri var, en son Nisan 2014\u2019te zirve yapm\u0131\u015f.<\/p>\n<p>\u0130ngiltere\u2019de Centrica\u2019n\u0131n i\u015fletmesi zor diye Rough <a href=\"https:\/\/www.reuters.com\/article\/us-britain-gas-exclusive\/exclusive-rough-justice-uk-snubs-call-for-gas-storage-capacity-review-idUSKBN1GV18X\"><span style=\"color: #1155cc;\"><u>gaz depolama<\/u><\/span><\/a> tesisini kapatmas\u0131 sonras\u0131nda, 15 g\u00fcn olan depolama kapasitesi 4-5 g\u00fcne d\u00fc\u015ft\u00fc. Yaz-k\u0131\u015f fiyat fark\u0131 d\u00fc\u015f\u00fck. Bu seneki so\u011fuklarda gaz fiyat s\u0131\u00e7ramas\u0131 y\u00fcz\u00fcnden bu k\u0131\u015f fiyatlar ortalama %20 yukar\u0131da.<\/p>\n<p><a href=\"https:\/\/www.bloomberg.com\/news\/articles\/2018-03-16\/vitol-carlyle-are-said-to-announce-varo-energy-ipo-next-week\"><span style=\"color: #1155cc;\"><u>Vitol ve Carlylye<\/u><\/span><\/a> rafineri ve petrol istasyonu \u015firketi Varo Energy\u2019yi halka a\u00e7acak. \u0130svi\u00e7re\u2019de Cressier rafinerisi 68000v\/g, Almanya\u2019da Beyernoil 97000 v\/g kapasiteli rafineriler<\/p>\n<p>Londra\u2019da bu sene hi\u00e7 bir dizel taksiye lisans verilmedi. \u0130lk defa alacaklar s\u0131f\u0131r emisyonlu. TfL \u015fehirde <a href=\"https:\/\/www.london.gov.uk\/press-releases\/mayoral\/mayor-marks-100th-rapid-charge-point-in-london\"><span style=\"color: #1155cc;\"><u>100 h\u0131zl\u0131 \u015farj noktas\u0131<\/u><\/span><\/a> kuracak. \u015eu anda Londra\u2019da 2000 standart \u015farj noktas\u0131 var.<\/p>\n<p><a href=\"https:\/\/www.cleanenergywire.org\/news\/new-econ-min-pledges-lower-business-power-prices-side-issue-climate\"><span style=\"color: #1155cc;\"><u>Almanya\u2019da <\/u><\/span><\/a>yeni enerji ve ekonomi bakan\u0131 Peter Altmaier Kobiler i\u00e7in d\u00fc\u015f\u00fck enerji fiyatlar\u0131 istedi. Yeni h\u00fck\u00fcmet \u00e7evre konusunda daha az ilgili. Dizel ara\u00e7 sat\u0131\u015flar\u0131ndaki d\u00fc\u015f\u00fc\u015fler CO2 emisyonlar\u0131na b\u00fcy\u00fck etki yapmayacak. Bedava \u015fehir i\u00e7i ula\u015f\u0131m\u0131 belediyeler reddetti.<\/p>\n<p>Otomotiv sekt\u00f6r\u00fc ile ilgil bu<a href=\"https:\/\/www.ft.com\/content\/25f947da-1718-11e8-9e9c-25c814761640\"><span style=\"color: #1155cc;\"><u> FT haberi<\/u><\/span><\/a> okumaya de\u011fer.<\/p>\n<p>Imperial College\u2019\u0131n \u201cBeklenmeyeni Bekle\u201d <a href=\"https:\/\/www.imperial.ac.uk\/media\/imperial-college\/grantham-institute\/public\/publications\/collaborative-publications\/Expect-the-Unexpected_CTI_Imperial.pdf\"><span style=\"color: #1155cc;\"><u>raporu<\/u><\/span><\/a><\/p>\n<p><strong>Grafikler<\/strong><\/p>\n<p>E\u011fer bifte\u011fe sebep oldu\u011fu emisyon kadar vergi uygulan\u0131rsa fiyat\u0131 %41 artar (<a href=\"https:\/\/www.nytimes.com\/2018\/03\/17\/opinion\/sunday\/carbon-tax-on-beef.html?\"><span style=\"color: #1155cc;\"><u>NYT<\/u><\/span><\/a>)<\/p>\n<p><img loading=\"lazy\" decoding=\"async\" width=\"645\" height=\"373\" class=\"alignnone size-full wp-image-1846 \" src=\"https:\/\/barissanli.com\/eak\/wp-content\/uploads\/2018\/03\/img_5aafd8e4593e4.png\" alt=\"\" srcset=\"https:\/\/barissanli.com\/eak\/wp-content\/uploads\/2018\/03\/img_5aafd8e4593e4.png 645w, https:\/\/barissanli.com\/eak\/wp-content\/uploads\/2018\/03\/img_5aafd8e4593e4-300x173.png 300w\" sizes=\"(max-width: 645px) 100vw, 645px\" \/><\/p>\n<p>Kuzey bat\u0131 Avrupa do\u011falgaz stoklar\u0131 (<a href=\"https:\/\/www.platts.com\/videos\/2018\/march\/market-movers-europe-031918\"><span style=\"color: #1155cc;\"><u>Platts<\/u><\/span><\/a>)<\/p>\n<p><img loading=\"lazy\" decoding=\"async\" width=\"601\" height=\"287\" class=\"alignnone size-full wp-image-1847 \" src=\"https:\/\/barissanli.com\/eak\/wp-content\/uploads\/2018\/03\/img_5aafd90154db7.png\" alt=\"\" srcset=\"https:\/\/barissanli.com\/eak\/wp-content\/uploads\/2018\/03\/img_5aafd90154db7.png 601w, https:\/\/barissanli.com\/eak\/wp-content\/uploads\/2018\/03\/img_5aafd90154db7-300x143.png 300w\" sizes=\"(max-width: 601px) 100vw, 601px\" \/><\/p>\n","protected":false},"excerpt":{"rendered":"<p>Bug\u00fcn \u0130brahim Halil\u2019in g\u00f6nderdi\u011fi Alman araba \u00fcreticilerinin de \u015febeke destekleri vs ile ilgilenerek elektrik sekt\u00f6r\u00fcyle daha ilgili olaca\u011f\u0131 haberinin a\u00e7\u0131k halini bulamad\u0131m. Eski piller veya arabalardan \u015febekeye elektri\u011fi geri vermek araba \u00fcreticilerine de ilgin\u00e7 gelmi\u015f. \u201cEnerjini de\u011feri kaynakta m\u0131 teknoloji de mi\u201d. Hidrojen haberleri tekrar art\u0131yor. Otonom arabalar g\u00fcne\u015f patlamalar\u0131ndan etkilenebilir, GPS\u2019ten. M\u0131s\u0131r, soya spek\u00fclasyonu &hellip; <a href=\"https:\/\/barissanli.com\/eak\/2018\/03\/19-mart-2018\/\" class=\"more-link\">Continue reading <span class=\"screen-reader-text\">19 Mart 2018<\/span><\/a><\/p>\n","protected":false},"author":1,"featured_media":0,"comment_status":"closed","ping_status":"open","sticky":false,"template":"","format":"standard","meta":{"footnotes":""},"categories":[1],"tags":[],"_links":{"self":[{"href":"https:\/\/barissanli.com\/eak\/wp-json\/wp\/v2\/posts\/1845"}],"collection":[{"href":"https:\/\/barissanli.com\/eak\/wp-json\/wp\/v2\/posts"}],"about":[{"href":"https:\/\/barissanli.com\/eak\/wp-json\/wp\/v2\/types\/post"}],"author":[{"embeddable":true,"href":"https:\/\/barissanli.com\/eak\/wp-json\/wp\/v2\/users\/1"}],"replies":[{"embeddable":true,"href":"https:\/\/barissanli.com\/eak\/wp-json\/wp\/v2\/comments?post=1845"}],"version-history":[{"count":1,"href":"https:\/\/barissanli.com\/eak\/wp-json\/wp\/v2\/posts\/1845\/revisions"}],"predecessor-version":[{"id":1848,"href":"https:\/\/barissanli.com\/eak\/wp-json\/wp\/v2\/posts\/1845\/revisions\/1848"}],"wp:attachment":[{"href":"https:\/\/barissanli.com\/eak\/wp-json\/wp\/v2\/media?parent=1845"}],"wp:term":[{"taxonomy":"category","embeddable":true,"href":"https:\/\/barissanli.com\/eak\/wp-json\/wp\/v2\/categories?post=1845"},{"taxonomy":"post_tag","embeddable":true,"href":"https:\/\/barissanli.com\/eak\/wp-json\/wp\/v2\/tags?post=1845"}],"curies":[{"name":"wp","href":"https:\/\/api.w.org\/{rel}","templated":true}]}}