{"id":1312,"date":"2017-09-14T19:14:22","date_gmt":"2017-09-14T19:14:22","guid":{"rendered":"http:\/\/barissanli.com\/eak\/?p=1312"},"modified":"2017-09-14T19:14:22","modified_gmt":"2017-09-14T19:14:22","slug":"14-eylul-2017","status":"publish","type":"post","link":"https:\/\/barissanli.com\/eak\/2017\/09\/14-eylul-2017\/","title":{"rendered":"14 Eyl\u00fcl 2017"},"content":{"rendered":"<p lang=\"zxx\"><span style=\"font-family: Verdana, sans-serif;\"><span style=\"font-size: small;\">Tam haz\u0131rlarken EIA k\u0131sa d\u00f6nem raporu geldi, \u00f6zete g\u00f6re do\u011falgazda t\u00fcketim art\u0131\u015f\u0131 fiyat sebebi ile azalacak, emisyonlar ve k\u00f6m\u00fcr de artmaya ba\u015flayacak. \u00c7in&#8217;in InternetofVehicles (IoV) piyasas\u0131ndaki b\u00fcy\u00fcmede optimist. StoreDot h\u0131zl\u0131 \u015farj edilen pil geli\u015fimi i\u00e7in Daimler&#8217;i yan\u0131na ald\u0131, Daimler de hafif ta\u015f\u0131tlara (sanki kamyonetlere de) girecek. Alman se\u00e7imleri yakla\u015ft\u0131k\u00e7a, politikac\u0131lar emisyonsuz ula\u015ft\u0131rma i\u00e7in daha \u00e7ok bast\u0131r\u0131yor, se\u00e7im sonras\u0131 as\u0131l strateji sekt\u00f6re dikte ettirilecek sanki. WoodMac&#8217;e g\u00f6re \u00c7in&#8217;in i\u00e7ten yanmal\u0131 motor yasa\u011f\u0131 olursa 1.9 mv\/g petrol talebini etkiler<\/span><\/span><\/p>\n<p lang=\"zxx\"><span style=\"font-family: Verdana, sans-serif;\"><span style=\"font-size: small;\"><b>\u00d6zetler<\/b><\/span><\/span><\/p>\n<p lang=\"zxx\"><span style=\"font-family: Verdana, sans-serif;\"><span style=\"font-size: small;\">ABD (<a href=\"https:\/\/www.eia.gov\/outlooks\/steo\/\">EIA<\/a>), k\u0131sa d\u00f6nemli enerji g\u00f6r\u00fcn\u00fcm\u00fcnde, Kas\u0131rga sebebiyle rafineri i\u015flemlerinde 3.1 mv\/g d\u00fc\u015f\u00fc\u015f oldu. 2017&#8217;de do\u011falgaz \u00fcretimi 40 mcm\/g\u00fcn artacak. Do\u011falgazdan elektrik \u00fcretimi de %34&#8217;ten %31&#8217;e d\u00fc\u015fecek. K\u00f6m\u00fcr de %1 artacak. 2018&#8217;de emisyon artacak.<\/span><\/span><\/p>\n<p><span style=\"font-family: Verdana, sans-serif;\"><span style=\"font-size: small;\"><span lang=\"zxx\">FT haberine g\u00f6re, <a href=\"https:\/\/www.ft.com\/content\/43de1388-9857-11e7-a652-cde3f882dd7b\">\u0130ran&#8217;da<\/a> devrim muhaf\u0131zlar\u0131n\u0131n ticari \u015firketleri k\u00fc\u00e7\u00fclt\u00fclmeye zorlan\u0131yor. \u00d6zellikle Ahmedinecad d\u00f6neminde petrol sekt\u00f6r\u00fcnde etkileri artan grup, \u00f6zel sekt\u00f6re yer a\u00e7mak i\u00e7in stratejik g\u00f6r\u00fclmeyen alanlardan \u00e7ekilmeye zorlan\u0131yor, \u00e7ekilir mi bilinmez.<\/span><\/span><\/span><\/p>\n<p><span style=\"font-family: Verdana, sans-serif;\"><span style=\"font-size: small;\"><span lang=\"zxx\">\u00c7in&#8217;e g\u00f6re <a href=\"http:\/\/news.xinhuanet.com\/english\/2017-09\/14\/c_136609399.htm\">IoV (Internet of Vehicles)<\/a>, otomobil sekt\u00f6r\u00fcn\u00fcn gelece\u011fi, 2025 gibi hacmi 200 milyar ile 9 trilyon $ aras\u0131nda olabilir. Bakal\u0131m.<\/span><\/span><\/span><\/p>\n<p><span style=\"font-family: Verdana, sans-serif;\"><span style=\"font-size: small;\"><span lang=\"zxx\"><a href=\"https:\/\/www.thenational.ae\/business\/energy\/shell-places-gas-above-oil-as-it-exits-iraq-fields-1.628219\">Shell<\/a> Irak&#8217;ta Mecnun petrol sahas\u0131ndan \u00e7\u0131karak, gaz ve petrokimyaya odaklanacak. Irak h\u00fck\u00fcmeti ile ortak Basrah Gas Company ve Nebras Petrochemical projelerine odaklanacak. Mecnun sahas\u0131 235,000 v\/g \u00fcretim yap\u0131yor.<\/span><\/span><\/span><\/p>\n<p lang=\"zxx\"><span style=\"font-family: Verdana, sans-serif;\"><span style=\"font-size: small;\">\u0130srailli pil \u015firketi <a href=\"https:\/\/www.axios.com\/battery-startup-raises-60m-partners-with-daimler-in-ev-push-2484987776.html\">StoreDot,<\/a> Per\u015fembe g\u00fcn\u00fc 60 milyon $ yat\u0131r\u0131mc\u0131 deste\u011fi buldu\u011funu ve Daimler ile &#8220;stratejik i\u015fbirli\u011fi&#8221; yapt\u0131\u011f\u0131n\u0131 duyurdu. Teknolojileri dakikalar i\u00e7inde pilleri \u015farj yapabiliyor. Nanoteknolojiyi organik bile\u015fiklerle birle\u015ftiriyor. Daimler de kamyonet vs de kullanacak galiba<\/span><\/span><\/p>\n<p lang=\"zxx\"><span style=\"font-family: Verdana, sans-serif;\"><span style=\"font-size: small;\">Merkel, <a href=\"https:\/\/www.cleanenergywire.org\/news\/merkel-calls-zero-emission-mobility-vw-proposes-battery-alliance\">Frankfurt araba fuar\u0131<\/a> a\u00e7\u0131l\u0131\u015f\u0131nda araba \u00fcreticilerini &#8220;mevzuat bo\u015fluklar\u0131n\u0131 a\u015f\u0131r\u0131 <\/span><\/span><span style=\"font-family: Verdana, sans-serif;\"><span style=\"font-size: small;\">a\u015f\u0131nd\u0131rmak&#8221;la su\u00e7lad\u0131. Sekt\u00f6r\u00fcn ba\u015far\u0131s\u0131n\u0131n Alman ekonomisinin geneli i\u00e7in anahtar oldu\u011funu ve &#8220;s\u0131f\u0131r emisyonlu ula\u015ft\u0131rmaya ge\u00e7i\u015fi halletmeliyiz&#8221; dedi. VW&#8217;de pil \u00fcretimi i\u00e7in Avrupa ortakl\u0131\u011f\u0131 \u00f6nerdi.<\/span><\/span><\/p>\n<p lang=\"zxx\"><span style=\"font-family: Verdana, sans-serif;\"><span style=\"font-size: small;\"><a href=\"http:\/\/www.thejakartapost.com\/news\/2017\/09\/13\/ri-can-still-cancel-lng-swap-with-spore-minister-luhut.html\">Endonezya&#8217;n\u0131n<\/a> Singapur&#8217;dan LNG ithalat\u0131 yapacak olmas\u0131 b\u00fcy\u00fck tepkiye yol a\u00e7\u0131nca, Bakan Luhut, olay sadece swap diye a\u00e7\u0131klama yap<\/span><\/span><span style=\"font-family: Verdana, sans-serif;\"><span style=\"font-size: small;\">t\u0131.<\/span><\/span><\/p>\n<p><span style=\"font-family: Verdana, sans-serif;\"><span style=\"font-size: small;\"><span lang=\"zxx\"><a href=\"https:\/\/www.axios.com\/generate-2484833658.html\">Saudi Aramco&#8217;nun<\/a> halka arz\u0131 gecikebilir, \u00e7\u00fcnk\u00fc i\u015flemlerin tamamlanmas\u0131 i\u00e7in s\u00fcre \u00e7ok k\u0131s\u0131tl\u0131.<\/span><\/span><\/span><\/p>\n<p><span style=\"font-family: Verdana, sans-serif;\"><span style=\"font-size: small;\"><span lang=\"zxx\"><a href=\"https:\/\/www.axios.com\/generate-2484833658.html?rebelltitem=4&amp;utm_medium=linkshare&amp;utm_campaign=organic#rebelltitem4\">WoodMac&#8217;in <\/a>analizine g\u00f6re, \u00c7in&#8217;in 2035&#8217;te i\u00e7ten yanmal\u0131 ara\u00e7lar\u0131 yasaklamas\u0131 mevcut projeksiyona g\u00f6re 1.9 mv\/g etki yapacak. Yasak gelmezse de 2035&#8217;te \u00c7indeki ara\u00e7 sat\u0131\u015flar\u0131n\u0131n sadece %15&#8217;i elektrikli olacak. <\/span><\/span><\/span><\/p>\n<p><span style=\"font-family: Verdana, sans-serif;\"><span style=\"font-size: small;\"><b><span lang=\"zxx\">Grafik<\/span><\/b><\/span><\/span><\/p>\n<p><span style=\"font-family: Verdana, sans-serif;\"><span style=\"font-size: small;\"><span lang=\"zxx\">\u00c7in i\u00e7ten yanmal\u0131 (benzin\/dizel) ara\u00e7lar\u0131 yasaklasa etkisi ne olur (<a href=\"https:\/\/www.axios.com\/generate-2484833658.html?rebelltitem=4&amp;utm_medium=linkshare&amp;utm_campaign=organic#rebelltitem4\">Axios<\/a>)<\/span><\/span><\/span><\/p>\n<p><img loading=\"lazy\" decoding=\"async\" width=\"465\" height=\"482\" class=\"alignnone size-full wp-image-1313 \" src=\"https:\/\/barissanli.com\/eak\/wp-content\/uploads\/2017\/09\/img_59bad4f289591.png\" alt=\"\" srcset=\"https:\/\/barissanli.com\/eak\/wp-content\/uploads\/2017\/09\/img_59bad4f289591.png 465w, https:\/\/barissanli.com\/eak\/wp-content\/uploads\/2017\/09\/img_59bad4f289591-289x300.png 289w\" sizes=\"(max-width: 465px) 100vw, 465px\" \/><\/p>\n<p lang=\"zxx\">\n<p lang=\"zxx\">\n<p lang=\"zxx\">\n<p lang=\"zxx\">\n<p lang=\"zxx\"><span style=\"font-family: Verdana, sans-serif;\"><span style=\"font-size: small;\">$<\/span><\/span><\/p>\n","protected":false},"excerpt":{"rendered":"<p>Tam haz\u0131rlarken EIA k\u0131sa d\u00f6nem raporu geldi, \u00f6zete g\u00f6re do\u011falgazda t\u00fcketim art\u0131\u015f\u0131 fiyat sebebi ile azalacak, emisyonlar ve k\u00f6m\u00fcr de artmaya ba\u015flayacak. \u00c7in&#8217;in InternetofVehicles (IoV) piyasas\u0131ndaki b\u00fcy\u00fcmede optimist. StoreDot h\u0131zl\u0131 \u015farj edilen pil geli\u015fimi i\u00e7in Daimler&#8217;i yan\u0131na ald\u0131, Daimler de hafif ta\u015f\u0131tlara (sanki kamyonetlere de) girecek. Alman se\u00e7imleri yakla\u015ft\u0131k\u00e7a, politikac\u0131lar emisyonsuz ula\u015ft\u0131rma i\u00e7in daha \u00e7ok &hellip; <a href=\"https:\/\/barissanli.com\/eak\/2017\/09\/14-eylul-2017\/\" class=\"more-link\">Continue reading <span class=\"screen-reader-text\">14 Eyl\u00fcl 2017<\/span><\/a><\/p>\n","protected":false},"author":1,"featured_media":0,"comment_status":"closed","ping_status":"open","sticky":false,"template":"","format":"standard","meta":{"footnotes":""},"categories":[1],"tags":[],"_links":{"self":[{"href":"https:\/\/barissanli.com\/eak\/wp-json\/wp\/v2\/posts\/1312"}],"collection":[{"href":"https:\/\/barissanli.com\/eak\/wp-json\/wp\/v2\/posts"}],"about":[{"href":"https:\/\/barissanli.com\/eak\/wp-json\/wp\/v2\/types\/post"}],"author":[{"embeddable":true,"href":"https:\/\/barissanli.com\/eak\/wp-json\/wp\/v2\/users\/1"}],"replies":[{"embeddable":true,"href":"https:\/\/barissanli.com\/eak\/wp-json\/wp\/v2\/comments?post=1312"}],"version-history":[{"count":1,"href":"https:\/\/barissanli.com\/eak\/wp-json\/wp\/v2\/posts\/1312\/revisions"}],"predecessor-version":[{"id":1314,"href":"https:\/\/barissanli.com\/eak\/wp-json\/wp\/v2\/posts\/1312\/revisions\/1314"}],"wp:attachment":[{"href":"https:\/\/barissanli.com\/eak\/wp-json\/wp\/v2\/media?parent=1312"}],"wp:term":[{"taxonomy":"category","embeddable":true,"href":"https:\/\/barissanli.com\/eak\/wp-json\/wp\/v2\/categories?post=1312"},{"taxonomy":"post_tag","embeddable":true,"href":"https:\/\/barissanli.com\/eak\/wp-json\/wp\/v2\/tags?post=1312"}],"curies":[{"name":"wp","href":"https:\/\/api.w.org\/{rel}","templated":true}]}}