{"id":1265,"date":"2017-08-25T13:56:39","date_gmt":"2017-08-25T13:56:39","guid":{"rendered":"http:\/\/barissanli.com\/eak\/?p=1265"},"modified":"2017-08-25T20:32:28","modified_gmt":"2017-08-25T20:32:28","slug":"25-agustos-2017","status":"publish","type":"post","link":"https:\/\/barissanli.com\/eak\/2017\/08\/25-agustos-2017\/","title":{"rendered":"25 A\u011fustos 2017"},"content":{"rendered":"<p><strong>\u00d6zetler<\/strong><\/p>\n<p>Harvey kas\u0131rgas\u0131 ABD&#8217;de 3.6 GW&#8217;l\u0131k <a href=\"https:\/\/www.bloomberg.com\/news\/articles\/2017-08-25\/harvey-set-to-overpower-wind-in-state-that-generates-the-most\">r\u00fczgar kurulu<\/a> g\u00fcc\u00fcn\u00fcn oldu\u011fu b\u00f6lgeden ge\u00e7ecek. 2.1-3.6 GW r\u00fczgar kapasitesi de tehlikede. 55 mil h\u0131zla esen r\u00fczgar sebebiyle r\u00fczgar t\u00fcrbinleri kendilerini koruma i\u00e7in kapat\u0131yor.<\/p>\n<p>\u0130ngiltere gelecek sene <a href=\"http:\/\/www.telegraph.co.uk\/news\/2017\/08\/24\/fleets-driverless-lorries-will-trialled-britains-motorways-next\/\">s\u00fcr\u00fcc\u00fcs\u00fcz kamyonlar\u0131<\/a> deneyecek. Sadece en \u00f6ndeki kamyonda s\u00fcr\u00fcc\u00fc olacak ve 3 kamyonluk filo birbirini takip edecek. H\u00fck\u00fcmet 8.1 milyon sterlin ay\u0131rd\u0131.<\/p>\n<p><a href=\"http:\/\/www.renewableenergyworld.com\/articles\/2017\/08\/reliance-said-to-mull-india-power-storage-with-bp.html\">Hindistan\u2019\u0131n<\/a> b\u00fcy\u00fck \u015firketlerinden Reliance Industries, BP ile g\u00fcne\u015f ve r\u00fczgar projeleri yak\u0131n\u0131nda depolama projeleri \u00fczerine \u00e7al\u0131\u015facak.<\/p>\n<p><a href=\"https:\/\/www.bloomberg.com\/gadfly\/articles\/2017-08-25\/in-china-it-s-a-gas\">PetroChina<\/a>, halka arz\u0131nda petrol \u00fcretimi t\u00fcm \u00fcretiminin %90\u2019\u0131yd\u0131, \u015fimdi daha \u00e7ok gaza odaklanm\u0131\u015f durumda, petrol %60\u2019a d\u00fc\u015ft\u00fc. Cnooc\u2019de ayn\u0131 durumda. PetroChina ba\u015fkan\u0131 Wang Dongjin d\u00fcn, 2030dan itibaren metan hidratlardan ticari \u00fcretime ba\u015flayacaklar\u0131n\u0131 duyurdu.<\/p>\n<p><a href=\"https:\/\/www.bloomberg.com\/news\/articles\/2017-08-24\/new-kid-on-europe-s-power-block-turning-into-giant-killer\">Almanya ve Avustralya\u2019n\u0131n<\/a> 15 y\u0131ll\u0131k ortak elektrik piyasa [b\u00f6lgesi]lar\u0131n\u0131n AB taraf\u0131ndan ayr\u0131\u015ft\u0131r\u0131lmas\u0131 karar\u0131 sonras\u0131nda, Alman gelecek fiyatlar\u0131 yeni benchmark oldu. Mevcut durumda Alman-Avusturya elektrik gelecek kontrat miktar\u0131n\u0131n kar\u015f\u0131l\u0131\u011f\u0131 35 milyar $, %80\u2019i 2019\u2019da sonlan\u0131yor.<\/p>\n<p>\u0130ngiltere\u2019de <a href=\"http:\/\/www.green-alliance.org.uk\/resources\/Why_the_UK_needs_an_ambitious_clean_growth_plan_now.pdf\">s\u0131f\u0131r emisyonlu ara\u00e7lar<\/a> ile 2035\u2019e kadar petrol ihracat\u0131n\u0131 %50 azaltabilirmi\u015f. Fakat yenilenebilir ve verimlilikte yat\u0131r\u0131mlar h\u0131zla d\u00fc\u015f\u00fcyor.<\/p>\n<p>Ne kadar elektrik <a href=\"http:\/\/energypost.eu\/battery-storage-becoming-built-product-feature\/\">pil depolama<\/a> projeleri konu\u015fulsa da, sekt\u00f6r daha fazla mevcut elektrik \u00fcretim noktalar\u0131na bu pilleri entegre etmeyi d\u00fc\u015f\u00fcn\u00fcyor. Yani pilli \u00fcretim tesisleri. \u00d6r: SMA\u2019n\u0131n pilli eviricileri, g\u00fcne\u015f paneline entegre \u201cSolpad\u201d, GE\u2019nin \u201cBTP\u201d si t\u00fcrbine entegre pil, Acciona\u2019n\u0131n r\u00fczgar projesi\u2026<\/p>\n<p><a href=\"http:\/\/docs.cpuc.ca.gov\/PublishedDocs\/Published\/G000\/M194\/K665\/194665543.PDF\">California Kamusal Komisyonu (CPUC<\/a>), elektrik kullan\u0131m\u0131n\u0131n yo\u011fun oldu\u011fu saatleri 16-19:00 saatleri olarak de\u011fi\u015ftirdi.<\/p>\n<p><a href=\"https:\/\/www.itv.com\/news\/anglia\/2017-08-25\/why-woodpeckers-are-giving-energy-bosses-a-headache\/\">\u0130ngiltere\u2019de<\/a> a\u011fa\u00e7kakanlar ge\u00e7en sene iki b\u00f6lgede 6000 elektrik dire\u011fine zarar verdi.<\/p>\n<p><a href=\"https:\/\/www.eia.gov\/special\/disruptions\/\">Harvey<\/a> f\u0131rt\u0131nas\u0131 ve ABD k\u00f6rfez altyap\u0131s\u0131 canl\u0131 verileri.<\/p>\n<p>Grafikler<\/p>\n<p>OECD&#8217;de elektrik \u00fcretiminde kaynaklar\u0131n de\u011fi\u015fimi (<a href=\"http:\/\/blog.clipperdata.com\/opec-giving-up-us-market-share\">IEA<\/a>)<\/p>\n<p><img loading=\"lazy\" decoding=\"async\" src=\"http:\/\/blog.clipperdata.com\/hs-fs\/hubfs\/Blog_images\/OECD%20electricity%20generation.jpg?t=1503504907284&amp;width=757&amp;height=412&amp;name=OECD%20electricity%20generation.jpg\" sizes=\"(max-width: 757px) 100vw, 757px\" srcset=\"http:\/\/blog.clipperdata.com\/hs-fs\/hubfs\/Blog_images\/OECD%20electricity%20generation.jpg?t=1503504907284&amp;width=379&amp;height=206&amp;name=OECD%20electricity%20generation.jpg 379w, http:\/\/blog.clipperdata.com\/hs-fs\/hubfs\/Blog_images\/OECD%20electricity%20generation.jpg?t=1503504907284&amp;width=757&amp;height=412&amp;name=OECD%20electricity%20generation.jpg 757w, http:\/\/blog.clipperdata.com\/hs-fs\/hubfs\/Blog_images\/OECD%20electricity%20generation.jpg?t=1503504907284&amp;width=1136&amp;height=618&amp;name=OECD%20electricity%20generation.jpg 1136w, http:\/\/blog.clipperdata.com\/hs-fs\/hubfs\/Blog_images\/OECD%20electricity%20generation.jpg?t=1503504907284&amp;width=1514&amp;height=824&amp;name=OECD%20electricity%20generation.jpg 1514w, http:\/\/blog.clipperdata.com\/hs-fs\/hubfs\/Blog_images\/OECD%20electricity%20generation.jpg?t=1503504907284&amp;width=1893&amp;height=1030&amp;name=OECD%20electricity%20generation.jpg 1893w, http:\/\/blog.clipperdata.com\/hs-fs\/hubfs\/Blog_images\/OECD%20electricity%20generation.jpg?t=1503504907284&amp;width=2271&amp;height=1236&amp;name=OECD%20electricity%20generation.jpg 2271w\" alt=\"OECD electricity generation.jpg\" width=\"757\" height=\"412\" \/><\/p>\n<p id=\"IYhSWBL\"><img loading=\"lazy\" decoding=\"async\" width=\"757\" height=\"412\" class=\"alignnone size-full wp-image-1268 \" src=\"https:\/\/barissanli.com\/eak\/wp-content\/uploads\/2017\/08\/img_59a088663ca8a.png\" alt=\"\" srcset=\"https:\/\/barissanli.com\/eak\/wp-content\/uploads\/2017\/08\/img_59a088663ca8a.png 757w, https:\/\/barissanli.com\/eak\/wp-content\/uploads\/2017\/08\/img_59a088663ca8a-300x163.png 300w\" sizes=\"(max-width: 757px) 100vw, 757px\" \/><\/p>\n","protected":false},"excerpt":{"rendered":"<p>\u00d6zetler Harvey kas\u0131rgas\u0131 ABD&#8217;de 3.6 GW&#8217;l\u0131k r\u00fczgar kurulu g\u00fcc\u00fcn\u00fcn oldu\u011fu b\u00f6lgeden ge\u00e7ecek. 2.1-3.6 GW r\u00fczgar kapasitesi de tehlikede. 55 mil h\u0131zla esen r\u00fczgar sebebiyle r\u00fczgar t\u00fcrbinleri kendilerini koruma i\u00e7in kapat\u0131yor. \u0130ngiltere gelecek sene s\u00fcr\u00fcc\u00fcs\u00fcz kamyonlar\u0131 deneyecek. Sadece en \u00f6ndeki kamyonda s\u00fcr\u00fcc\u00fc olacak ve 3 kamyonluk filo birbirini takip edecek. H\u00fck\u00fcmet 8.1 milyon sterlin ay\u0131rd\u0131. Hindistan\u2019\u0131n &hellip; <a href=\"https:\/\/barissanli.com\/eak\/2017\/08\/25-agustos-2017\/\" class=\"more-link\">Continue reading <span class=\"screen-reader-text\">25 A\u011fustos 2017<\/span><\/a><\/p>\n","protected":false},"author":1,"featured_media":0,"comment_status":"closed","ping_status":"open","sticky":false,"template":"","format":"standard","meta":{"footnotes":""},"categories":[1],"tags":[],"_links":{"self":[{"href":"https:\/\/barissanli.com\/eak\/wp-json\/wp\/v2\/posts\/1265"}],"collection":[{"href":"https:\/\/barissanli.com\/eak\/wp-json\/wp\/v2\/posts"}],"about":[{"href":"https:\/\/barissanli.com\/eak\/wp-json\/wp\/v2\/types\/post"}],"author":[{"embeddable":true,"href":"https:\/\/barissanli.com\/eak\/wp-json\/wp\/v2\/users\/1"}],"replies":[{"embeddable":true,"href":"https:\/\/barissanli.com\/eak\/wp-json\/wp\/v2\/comments?post=1265"}],"version-history":[{"count":3,"href":"https:\/\/barissanli.com\/eak\/wp-json\/wp\/v2\/posts\/1265\/revisions"}],"predecessor-version":[{"id":1269,"href":"https:\/\/barissanli.com\/eak\/wp-json\/wp\/v2\/posts\/1265\/revisions\/1269"}],"wp:attachment":[{"href":"https:\/\/barissanli.com\/eak\/wp-json\/wp\/v2\/media?parent=1265"}],"wp:term":[{"taxonomy":"category","embeddable":true,"href":"https:\/\/barissanli.com\/eak\/wp-json\/wp\/v2\/categories?post=1265"},{"taxonomy":"post_tag","embeddable":true,"href":"https:\/\/barissanli.com\/eak\/wp-json\/wp\/v2\/tags?post=1265"}],"curies":[{"name":"wp","href":"https:\/\/api.w.org\/{rel}","templated":true}]}}