{"id":1130,"date":"2017-07-24T15:14:16","date_gmt":"2017-07-24T15:14:16","guid":{"rendered":"http:\/\/barissanli.com\/eak\/?p=1130"},"modified":"2017-07-24T15:14:16","modified_gmt":"2017-07-24T15:14:16","slug":"24-temmuz-2017","status":"publish","type":"post","link":"https:\/\/barissanli.com\/eak\/2017\/07\/24-temmuz-2017\/","title":{"rendered":"24 Temmuz 2017"},"content":{"rendered":"<p>ABD\u2019de kongre komisyonundan 100,000 otonom ara\u00e7 i\u00e7in istisna karar\u0131 \u00e7\u0131kt\u0131. Deneyerek, istisnalar ile pilotlar ile \u00f6\u011frenecekler. Petrol fiyatlar\u0131 Suudilerin ihracat\u0131 s\u0131n\u0131rlama karar\u0131 ile y\u00fckseldi. OPEC \u00fcretim kotas\u0131 belirliyor-Aslolan ihracat ve stok miktarlar\u0131. Hindistan k\u00f6m\u00fcrden ald\u0131\u011f\u0131 ve yenilenebilir projelere aktaraca\u011f\u0131 \u201ccoal cess\u201d-k\u00f6m\u00fcr vergisini maliyeye aktar\u0131yor. Frans\u0131z Dan\u0131\u015ftay\u0131, gaz tarifelerinde d\u00fczenlemeyi iptal etti, serbest piyasaya iti\u015f oldu. Bel\u00e7ika g\u00fcne\u015f paneli olandan \u015febeke bedeli alacak. ENI CEOs\u0131 finansal spek\u00fclasyonu su\u00e7lad\u0131. ABD k\u00f6m\u00fcr ihracat\u0131 ge\u00e7en sene ilk \u00e7eyre\u011fe g\u00f6re %58 artt\u0131. \u0130ngiltere Pil enstit\u00fcs\u00fc kuracak gibi. ABD etanol \u00fcretimi de 1 mv\/g\u2019\u00fc a\u015ft\u0131. Petrol talebi asl\u0131nda t\u00fcm s\u0131v\u0131lar talebi (etanol dahil).<\/p>\n<p><b>\u00d6zetler<\/b><\/p>\n<p>Bu hafta, bug\u00fcn <a href=\"https:\/\/www.investing.com\/news\/commodities-news\/crude-oil-futures---weekly-outlook:-july-24---28-508756\">OPEC ve nOPEC<\/a> Rusya\u2019da biraraya geldi. Yar\u0131n ABD petrol arz\u0131nda API raporu; \u00c7ar\u015famba EIA\u2019n\u0131n petrol ve benzin stoklar\u0131; Per\u015fembe ABD gaz stoklar\u0131; Cuma Baker Hughes petrol kule rakamlar\u0131<\/p>\n<p>Petrol fiyatlar\u0131, <a href=\"https:\/\/www.investing.com\/news\/commodities-news\/oil-steady-after-fall-ahead-of-opec-non-opec-meeting-508823\">Suudi Arabistan\u2019\u0131n<\/a> ham petrol ihracat\u0131nda daha b\u00fcy\u00fck kesinti yapaca\u011f\u0131 haberi ile y\u00fckseldi. Suudiler, A\u011fustos\u2019ta ihracat\u0131 6.6 mv\/g ile s\u0131n\u0131rlayacak<\/p>\n<p>D\u00fcnyada ge\u00e7ti\u011fimiz 60 y\u0131lda 8.3 milyar ton <a href=\"http:\/\/www.new-normal.com\/chemical-companies\/plastics-demand-is-peaking-as-circular-economy-arrives\/\">plastik<\/a> \u00fcretildi. %91\u2019i kenara at\u0131ld\u0131, 400 y\u0131lda yok olacak. 2050de okyanuslarda, bal\u0131klar\u0131n a\u011f\u0131rl\u0131\u011f\u0131ndan daha fazla plastik olacak. Fakat plastik talebi de son noktaya gelmi\u015f olabilir.<\/p>\n<p>ABD Kongresi, mevcut g\u00fcvenlik kriterlerine uymasa ve yeni kurallarda belirlenmemi\u015f olsa <a href=\"http:\/\/www.slate.com\/blogs\/future_tense\/2017\/07\/20\/congress_is_moving_on_a_bill_to_put_100_000_self_driving_cars_on_the_road.html\">da 100,000 otonom arac\u0131n yola \u00e7\u0131k\u0131\u015f\u0131na<\/a> izin verecek tasar\u0131y\u0131 komisyondan ge\u00e7irdi. Her eyalet ayr\u0131 standart belirleyemeyecek.<\/p>\n<p><a href=\"https:\/\/scroll.in\/article\/844528\/india-diverts-rs-56700-crore-from-the-fight-against-climate-change-to-goods-and-service-tax-regime\">Hindistan<\/a> k\u00f6m\u00fcr vergisinden toplad\u0131\u011f\u0131 56740 Rs crore (6-7 milyar $)\u2019\u0131 yenilenebilir projeler yerine maliyeye geri aktar\u0131yor. K\u00f6m\u00fcr vergisi ton ba\u015f\u0131na 50 Rs\u2019den ba\u015flad\u0131, 2016\u2019da 400\u2019e \u00e7\u0131km\u0131\u015ft\u0131.<\/p>\n<p>D\u00fcnyada <a href=\"https:\/\/www.oxfordenergy.org\/wpcms\/wp-content\/uploads\/2017\/07\/Methane-Emissions-from-blind-spot-to-spotlight-NG-122.pdf\">metan emisyonlar\u0131<\/a> enerji, tar\u0131m, sulak alanlar ve di\u011fer alanlardan geliyor. Do\u011falgaz tedarik zincirinde ise %2.5 metan s\u0131z\u0131nt\u0131s\u0131 oluyor. Burada GWP(k\u00fcresel \u0131s\u0131nma potensiyeli) mi yoksa GTP (Global Temperature Change potential @100 years) m\u0131 kullan\u0131lacak, tam etki ne hala tart\u0131\u015f\u0131l\u0131yor.<\/p>\n<p>ENI CEOsu <a href=\"https:\/\/www.investing.com\/news\/commodities-news\/oil-markets-need-regulator-in-face-of-speculators:-eni-ceo-508795\">Claudio Descalzi<\/a> : \u201cpetrol gelecek kontratlar\u0131nda a\u011f\u0131r spek\u00fclasyon sekt\u00f6re zarar veriyor\u201d dedi. \u201cFinansal spek\u00fclasyon o kadar g\u00fc\u00e7l\u00fc ki, uzun d\u00f6nemli stratejisi olanlar\u0131 bile k\u0131sa d\u00f6nem yat\u0131r\u0131mc\u0131lar\u0131na d\u00f6n\u00fc\u015ft\u00fcrd\u00fc\u201d diye de ekledi.<\/p>\n<p><a href=\"https:\/\/twitter.com\/spectatorindex\/status\/889145590235488257\">Katar<\/a>, Heathrow havaalan\u0131n\u0131n %20si, Volkswagen\u2019in %17si, Rosneft\u2019in %10, Glencore\u2019un %9\u2019u ve Barclays\u2019in %6s\u0131na sahip.<\/p>\n<p>\u0130ngiltere <a href=\"https:\/\/about.bnef.com\/blog\/u-k-seeks-to-power-economy-on-batteries-in-strategy-switch\/\">elektrik pil depolama<\/a> sistemleri i\u00e7in 320 milyon $\u2019luk ay\u0131r\u0131yor: Pil Enstit\u00fcs\u00fc kuracaklar.<\/p>\n<p>Yenilenebilir kaynaklar\u0131n <a href=\"http:\/\/fsr.eui.eu\/participation-renewables-capacity-mechanisms\/\">kapasite mekanizmalar\u0131ndan<\/a> faydalanmas\u0131 i\u00e7in bu mekanizmalardan gelen gelirlere g\u00f6re yenilenebilir desteklerinin d\u00fczeltilmesi gerekir.<\/p>\n<p><a href=\"https:\/\/mega.online\/articles\/the-driverless-revolution\/\">Arabalarda<\/a> ADAS(advanced driver assistance systems), 2020\u2019de 34 milyar $ b\u00fcy\u00fckl\u00fc\u011fe ula\u015facak ve k\u00fcresel penetrasyonu %48 olacak. Otonom arabalar kontrol\u00fc insana b\u0131rakmadan en az 6 saniye \u00f6nce uyarmal\u0131lar\u2026<\/p>\n<p><a href=\"http:\/\/www.lemonde.fr\/economie\/article\/2017\/07\/20\/vers-la-fin-des-tarifs-reglementes-dans-le-gaz-et-l-electricite_5162885_3234.html\">Frans\u0131z Dan\u0131\u015ftay\u2019\u0131<\/a> 19 Temmuz \u00c7ar\u015famba g\u00fcn\u00fc yay\u0131nlad\u0131\u011f\u0131 karar ile, 2013 tarihli gaz fiyatlar\u0131n\u0131n d\u00fczenlemeye tabii olaca\u011f\u0131na dair karar\u0131 iptal etti. \u201cAvrupa birli\u011fi kurallar\u0131 gere\u011fince kabul edilebilir de\u011fil\u201d. Karara tepkilerde sert \u201ckamu hizmeti i\u00e7in karanl\u0131k bir g\u00fcn\u201d (Frans\u0131zca-Google Translate)<\/p>\n<p>Bel\u00e7ika\u2019n\u0131n Frans\u0131zca konu\u015fan Wallonia b\u00f6lgesindeki enerji d\u00fczenleyici kurumu(CWaPE), 2020\u2019den itibaren <a href=\"https:\/\/www.pv-magazine.com\/2017\/07\/21\/belgium-wallonias-pv-system-owners-to-pay-grid-fee-starting-from-2020\/\">g\u00fcne\u015f paneli olandan y\u0131ll\u0131k 330\u20ac-560\u20ac y\u0131ll\u0131k \u015febeke bedeli<\/a> alacak. 133,000 g\u00fcne\u015f paneli sahibi etkilenecek.2016 sonu itibari ile b\u00f6lgedeki g\u00fcne\u015f kapasitesi 916 MW.<\/p>\n<p>ABD\u2019nin <a href=\"https:\/\/www.eia.gov\/todayinenergy\/detail.php?id=32092\">k\u00f6m\u00fcr ihracat\u0131<\/a> 2016\u2019ya g\u00f6re %19 daha y\u00fcksek olacak gibi. 2017 ilk \u00e7eyrekte 2016 ilk \u00e7eyre\u011fe g\u00f6re %58 daha y\u00fcksek bir ihracat var.<\/p>\n<p>Ham petrol \u00fcretim art\u0131\u015f\u0131 derken atlamamak laz\u0131m, ABD <a href=\"https:\/\/www.eia.gov\/todayinenergy\/detail.php?id=32152\">etanol<\/a> \u00fcretimi de 1 mv\/g\u2019\u00fc a\u015ft\u0131. ABD 2016\u2019ya g\u00f6re %11 daha fazla m\u0131s\u0131r ko\u00e7anlar\u0131 (bushels) hasat etmi\u015fti.<\/p>\n<p><b>Grafik<\/b><\/p>\n<p>Goldman Sachs, 2030\u2019a kadar petrol talebinin zirve yapmas\u0131n\u0131 beklemiyor ama sek\u00fcler bir yava\u015flama 2021 sonras\u0131nda etkileyecek (<a href=\"https:\/\/twitter.com\/ronbousso1\/status\/889402663116394497\">Goldman Sachs<\/a>)<\/p>\n<p id=\"KpSOSyo\"><img loading=\"lazy\" decoding=\"async\" width=\"1245\" height=\"780\" class=\"alignnone size-full wp-image-1131 \" src=\"https:\/\/barissanli.com\/eak\/wp-content\/uploads\/2017\/07\/img_59760e9a21b1b.png\" alt=\"\" srcset=\"https:\/\/barissanli.com\/eak\/wp-content\/uploads\/2017\/07\/img_59760e9a21b1b.png 1245w, https:\/\/barissanli.com\/eak\/wp-content\/uploads\/2017\/07\/img_59760e9a21b1b-300x188.png 300w, https:\/\/barissanli.com\/eak\/wp-content\/uploads\/2017\/07\/img_59760e9a21b1b-768x481.png 768w, https:\/\/barissanli.com\/eak\/wp-content\/uploads\/2017\/07\/img_59760e9a21b1b-1024x642.png 1024w\" sizes=\"(max-width: 1245px) 100vw, 1245px\" \/><\/p>\n<p>ABD k\u00f6m\u00fcr ihracat\u0131 2016 ilk \u00e7eyre\u011fe g\u00f6re %58 artt\u0131 (<a href=\"https:\/\/www.eia.gov\/todayinenergy\/detail.php?id=32092\">EIA<\/a>)<\/p>\n<p id=\"mSiocyt\"><img loading=\"lazy\" decoding=\"async\" width=\"610\" height=\"313\" class=\"alignnone size-full wp-image-1132 \" src=\"https:\/\/barissanli.com\/eak\/wp-content\/uploads\/2017\/07\/img_59760eab3bd65.png\" alt=\"\" srcset=\"https:\/\/barissanli.com\/eak\/wp-content\/uploads\/2017\/07\/img_59760eab3bd65.png 610w, https:\/\/barissanli.com\/eak\/wp-content\/uploads\/2017\/07\/img_59760eab3bd65-300x154.png 300w\" sizes=\"(max-width: 610px) 100vw, 610px\" \/><\/p>\n<p>Elektrikli araba tahminlerinin kar\u015f\u0131la\u015ft\u0131r\u0131lmas\u0131 (<a href=\"https:\/\/about.bnef.com\/blog\/forecasts-signal-accelerating-demand-electric-cars\/\">BNEF<\/a>)<\/p>\n<p id=\"idqDXSu\"><img loading=\"lazy\" decoding=\"async\" width=\"1675\" height=\"673\" class=\"alignnone size-full wp-image-1133 \" src=\"https:\/\/barissanli.com\/eak\/wp-content\/uploads\/2017\/07\/img_59760eb4da150.png\" alt=\"\" srcset=\"https:\/\/barissanli.com\/eak\/wp-content\/uploads\/2017\/07\/img_59760eb4da150.png 1675w, https:\/\/barissanli.com\/eak\/wp-content\/uploads\/2017\/07\/img_59760eb4da150-300x121.png 300w, https:\/\/barissanli.com\/eak\/wp-content\/uploads\/2017\/07\/img_59760eb4da150-768x309.png 768w, https:\/\/barissanli.com\/eak\/wp-content\/uploads\/2017\/07\/img_59760eb4da150-1024x411.png 1024w\" sizes=\"(max-width: 1675px) 100vw, 1675px\" \/><\/p>\n","protected":false},"excerpt":{"rendered":"<p>ABD\u2019de kongre komisyonundan 100,000 otonom ara\u00e7 i\u00e7in istisna karar\u0131 \u00e7\u0131kt\u0131. Deneyerek, istisnalar ile pilotlar ile \u00f6\u011frenecekler. Petrol fiyatlar\u0131 Suudilerin ihracat\u0131 s\u0131n\u0131rlama karar\u0131 ile y\u00fckseldi. OPEC \u00fcretim kotas\u0131 belirliyor-Aslolan ihracat ve stok miktarlar\u0131. Hindistan k\u00f6m\u00fcrden ald\u0131\u011f\u0131 ve yenilenebilir projelere aktaraca\u011f\u0131 \u201ccoal cess\u201d-k\u00f6m\u00fcr vergisini maliyeye aktar\u0131yor. Frans\u0131z Dan\u0131\u015ftay\u0131, gaz tarifelerinde d\u00fczenlemeyi iptal etti, serbest piyasaya iti\u015f oldu. &hellip; <a href=\"https:\/\/barissanli.com\/eak\/2017\/07\/24-temmuz-2017\/\" class=\"more-link\">Continue reading <span class=\"screen-reader-text\">24 Temmuz 2017<\/span><\/a><\/p>\n","protected":false},"author":1,"featured_media":0,"comment_status":"closed","ping_status":"open","sticky":false,"template":"","format":"standard","meta":{"footnotes":""},"categories":[1],"tags":[],"_links":{"self":[{"href":"https:\/\/barissanli.com\/eak\/wp-json\/wp\/v2\/posts\/1130"}],"collection":[{"href":"https:\/\/barissanli.com\/eak\/wp-json\/wp\/v2\/posts"}],"about":[{"href":"https:\/\/barissanli.com\/eak\/wp-json\/wp\/v2\/types\/post"}],"author":[{"embeddable":true,"href":"https:\/\/barissanli.com\/eak\/wp-json\/wp\/v2\/users\/1"}],"replies":[{"embeddable":true,"href":"https:\/\/barissanli.com\/eak\/wp-json\/wp\/v2\/comments?post=1130"}],"version-history":[{"count":1,"href":"https:\/\/barissanli.com\/eak\/wp-json\/wp\/v2\/posts\/1130\/revisions"}],"predecessor-version":[{"id":1134,"href":"https:\/\/barissanli.com\/eak\/wp-json\/wp\/v2\/posts\/1130\/revisions\/1134"}],"wp:attachment":[{"href":"https:\/\/barissanli.com\/eak\/wp-json\/wp\/v2\/media?parent=1130"}],"wp:term":[{"taxonomy":"category","embeddable":true,"href":"https:\/\/barissanli.com\/eak\/wp-json\/wp\/v2\/categories?post=1130"},{"taxonomy":"post_tag","embeddable":true,"href":"https:\/\/barissanli.com\/eak\/wp-json\/wp\/v2\/tags?post=1130"}],"curies":[{"name":"wp","href":"https:\/\/api.w.org\/{rel}","templated":true}]}}